{"id":264,"date":"2023-02-26T13:58:43","date_gmt":"2023-02-26T16:58:43","guid":{"rendered":"https:\/\/wp.ufpel.edu.br\/semanaacademicafaurb\/?p=264"},"modified":"2023-03-06T15:13:18","modified_gmt":"2023-03-06T18:13:18","slug":"salas","status":"publish","type":"post","link":"https:\/\/wp.ufpel.edu.br\/semanaacademicafaurb\/2023\/02\/26\/salas\/","title":{"rendered":"Salas!"},"content":{"rendered":"<h3><strong>As atividades da segunda, quarta e sexta ser\u00e3o realizadas no Audit\u00f3rio 2 do <a href=\"https:\/\/ca.ufpel.edu.br\/\">Centro de Artes<\/a>. Centro de artes \u2013 Bloco 2. <a href=\"https:\/\/www.google.com.br\/maps\/place\/R.+%C3%81lvaro+Chaves,+65+-+Centro,+Pelotas+-+RS,+96010-760\/@-31.7804459,-52.3393329,17z\/data=!3m1!4b1!4m5!3m4!1s0x9511b5c21b5dec2f:0x6c151c59ca3b7ab8!8m2!3d-31.7804459!4d-52.3393329\">Rua \u00c1lvaro Chaves, 65 \u2013 Centro<\/a><br \/>\n96010-760 \u2013 Pelotas, RS.<\/strong><\/h3>\n<h3><strong>As atividades de ter\u00e7a e quinta pela manh\u00e3 ser\u00e3o realizadas no Audit\u00f3rio do Faculdade de Arquitetura e Urbanismo da UFPel |\u00a0 Endere\u00e7o: <a href=\"https:\/\/www.google.com.br\/maps\/place\/Universidade+Federal+de+Pelotas+-+Faculdade+de+Arquitetura+e+Urbanismo+(FAUrb)\/@-31.7800115,-52.3418019,17z\/data=!3m1!4b1!4m5!3m4!1s0x9511b5c1fbbbf42b:0xdcda39a15043b9dd!8m2!3d-31.7800115!4d-52.3396132\">R. Benjamin Constant, 1359 &#8211; Centro, Pelotas &#8211; RS, 96010-020.<\/a><\/strong><\/h3>\n<h3>As atividades de quinta a tarde iniciam as 14 horas no largo do Mercado P\u00fablico da cidade de Pelotas <strong>|\u00a0<\/strong>Endere\u00e7o: <a href=\"https:\/\/www.google.com.br\/maps?q=largo+mercado+publico+pelotas&amp;sxsrf=AJOqlzWIvU4IgbBgimleE633WrWdfgTROw:1678126150122&amp;uact=5&amp;gs_lcp=Cgxnd3Mtd2l6LXNlcnAQAzICCCZKBAhBGABQAFgAYI4DaABwAXgAgAGSAYgBkgGSAQMwLjGYAQCgAQKgAQHAAQE&amp;um=1&amp;ie=UTF-8&amp;sa=X&amp;ved=2ahUKEwigiK_J88f9AhVXmZUCHSnHAbYQ_AUoAXoECAEQAw\">102, R. L\u00f4bo da Costa, 48 &#8211; Centro, Pelotas &#8211; RS, 96010-150.<\/a><\/h3>\n","protected":false},"excerpt":{"rendered":"<p>As atividades da segunda, quarta e sexta ser\u00e3o realizadas no Audit\u00f3rio 2 do Centro de Artes. Centro de artes \u2013 Bloco 2. Rua \u00c1lvaro Chaves, 65 \u2013 Centro 96010-760 \u2013 Pelotas, RS. As atividades de ter\u00e7a e quinta pela manh\u00e3 ser\u00e3o realizadas no Audit\u00f3rio do Faculdade de Arquitetura e Urbanismo da UFPel |\u00a0 Endere\u00e7o: R. [&hellip;]<\/p>\n","protected":false},"author":956,"featured_media":0,"comment_status":"closed","ping_status":"closed","sticky":false,"template":"","format":"standard","meta":{"footnotes":""},"categories":[1],"tags":[],"class_list":["post-264","post","type-post","status-publish","format-standard","hentry","category-noticias"],"jetpack_featured_media_url":"","_links":{"self":[{"href":"https:\/\/wp.ufpel.edu.br\/semanaacademicafaurb\/wp-json\/wp\/v2\/posts\/264","targetHints":{"allow":["GET"]}}],"collection":[{"href":"https:\/\/wp.ufpel.edu.br\/semanaacademicafaurb\/wp-json\/wp\/v2\/posts"}],"about":[{"href":"https:\/\/wp.ufpel.edu.br\/semanaacademicafaurb\/wp-json\/wp\/v2\/types\/post"}],"author":[{"embeddable":true,"href":"https:\/\/wp.ufpel.edu.br\/semanaacademicafaurb\/wp-json\/wp\/v2\/users\/956"}],"replies":[{"embeddable":true,"href":"https:\/\/wp.ufpel.edu.br\/semanaacademicafaurb\/wp-json\/wp\/v2\/comments?post=264"}],"version-history":[{"count":3,"href":"https:\/\/wp.ufpel.edu.br\/semanaacademicafaurb\/wp-json\/wp\/v2\/posts\/264\/revisions"}],"predecessor-version":[{"id":294,"href":"https:\/\/wp.ufpel.edu.br\/semanaacademicafaurb\/wp-json\/wp\/v2\/posts\/264\/revisions\/294"}],"wp:attachment":[{"href":"https:\/\/wp.ufpel.edu.br\/semanaacademicafaurb\/wp-json\/wp\/v2\/media?parent=264"}],"wp:term":[{"taxonomy":"category","embeddable":true,"href":"https:\/\/wp.ufpel.edu.br\/semanaacademicafaurb\/wp-json\/wp\/v2\/categories?post=264"},{"taxonomy":"post_tag","embeddable":true,"href":"https:\/\/wp.ufpel.edu.br\/semanaacademicafaurb\/wp-json\/wp\/v2\/tags?post=264"}],"curies":[{"name":"wp","href":"https:\/\/api.w.org\/{rel}","templated":true}]}}