{"id":38,"date":"2012-09-25T09:31:53","date_gmt":"2012-09-25T12:31:53","guid":{"rendered":"https:\/\/wp.ufpel.edu.br\/semanaacademicadegestaoambiental\/?p=38"},"modified":"2013-11-18T15:56:20","modified_gmt":"2013-11-18T17:56:20","slug":"post-test","status":"publish","type":"post","link":"https:\/\/wp.ufpel.edu.br\/semanaacademicadegestaoambiental\/2012\/09\/25\/post-test\/","title":{"rendered":"PROGRAMA\u00c7\u00c3O"},"content":{"rendered":"<table border=\"1\" cellspacing=\"0\" cellpadding=\"0\" align=\"left\">\n<tbody>\n<tr>\n<td valign=\"top\" width=\"102\"><strong>Data<\/strong><\/td>\n<td valign=\"top\" width=\"378\"><strong>Temas<\/strong><\/td>\n<td valign=\"top\" width=\"85\"><strong>Hor\u00e1rio<\/strong><\/td>\n<\/tr>\n<tr>\n<td style=\"text-align: center\" valign=\"top\" width=\"102\">10\\12<\/td>\n<td style=\"text-align: center\" valign=\"top\" width=\"378\">Credenciamento<\/td>\n<td style=\"text-align: center\" valign=\"top\" width=\"85\">18h00min<\/td>\n<\/tr>\n<tr>\n<td style=\"text-align: center\" rowspan=\"1\" valign=\"top\" width=\"102\">10\\12<\/td>\n<td style=\"text-align: center\" valign=\"top\" width=\"378\">Solenidade de Abertura<\/p>\n<p>&nbsp;<\/td>\n<td style=\"text-align: center\" valign=\"top\" width=\"85\">19h00min<\/td>\n<\/tr>\n<tr>\n<td rowspan=\"2\" valign=\"top\" width=\"102\">\n<p style=\"text-align: center\">10\\12<\/p>\n<\/td>\n<td valign=\"top\" width=\"378\">\n<p align=\"LEFT\">Palestra: &#8220;Hotelaria e Turismo na Gest\u00e3o Ambiental.&#8221; Palestrante:\u00a0Prof. Ms Adalberto Santos Junior<\/p>\n<\/td>\n<td valign=\"top\" width=\"85\">19h00min<\/td>\n<\/tr>\n<tr>\n<td valign=\"top\" width=\"378\">\n<p align=\"LEFT\">Palestra: &#8220;Gest\u00e3o dos Recursos H\u00eddricos.&#8221; Palestrante:\u00a0Prof. Dr. Vitor Emanuel Q. Tavares<\/p>\n<\/td>\n<td valign=\"top\" width=\"85\">20h30min<\/td>\n<\/tr>\n<tr>\n<td style=\"text-align: center\" rowspan=\"2\" valign=\"top\" width=\"102\">11\\12<\/td>\n<td valign=\"top\" width=\"378\">\n<p align=\"LEFT\">Palestra: &#8220;Gest\u00e3o Ambiental Empresarial&#8221; Palestrante:\u00a0Prof. Dr. Marcos Vinicius Godecke<\/p>\n<\/td>\n<td valign=\"top\" width=\"85\">19h00min<\/td>\n<\/tr>\n<tr>\n<td valign=\"top\" width=\"378\">\n<p align=\"LEFT\">Palestra: &#8220;Consultoria Ambiental e Cadastro Ambiental Rural&#8221; Palestrante:\u00a0Diego Soares Duquia &#8211; MBA Auditoria, Pericia e Gest\u00e3o Ambiental<\/p>\n<\/td>\n<td valign=\"top\" width=\"85\">20h30min<\/td>\n<\/tr>\n<tr id=\"\" align=\"\" valign=\"\" bgcolor=\"\">\n<td style=\"text-align: center\" valign=\"top\" width=\"102\">12\\12<\/td>\n<td valign=\"top\" width=\"378\">\n<p align=\"LEFT\">Mesa Redonda: &#8220;Como se Dialoga os \u00d3rg\u00e3os em Atividades Ambientais&#8221; Participantes:Ibama- Cristiano Antunes Souza,\u00a0Fepam-<\/p>\n<p align=\"LEFT\">Afr\u00e2nio das Neves Costa Filho<\/p>\n<p align=\"LEFT\">SQA &#8211; Neiff Olavo Gomes Satte Alam<\/p>\n<p align=\"LEFT\">\n<\/td>\n<td valign=\"top\" width=\"85\">19h00min<\/td>\n<\/tr>\n<tr>\n<td style=\"text-align: center\" colspan=\"1\">12\\12<\/td>\n<td colspan=\"1\">\n<p align=\"LEFT\">Palestra&#8221;Gest\u00e3o Ambiental na Duplica\u00e7\u00e3o da BR 392&#8243; Palestrante<span style=\"line-height: 19px\">STE Engenharias<\/span><\/p>\n<\/td>\n<td colspan=\"1\">21h00min<\/td>\n<\/tr>\n<\/tbody>\n<\/table>\n<p>&nbsp;<\/p>\n<p>&nbsp;<\/p>\n<p>&nbsp;<\/p>\n<p>&nbsp;<\/p>\n<p>&nbsp;<\/p>\n<p>&nbsp;<\/p>\n<p>&nbsp;<\/p>\n<p>&nbsp;<\/p>\n<p>&nbsp;<\/p>\n<p>&nbsp;<\/p>\n<p>&nbsp;<\/p>\n<p>&nbsp;<\/p>\n<p>&nbsp;<\/p>\n<p>&nbsp;<\/p>\n<p>&nbsp;<\/p>\n<p>&nbsp;<\/p>\n<p>&nbsp;<\/p>\n<p>&nbsp;<\/p>\n<p>&nbsp;<\/p>\n<p>&nbsp;<\/p>\n<p>&nbsp;<\/p>\n<p>&nbsp;<\/p>\n<p>&nbsp;<\/p>\n<p>&nbsp;<\/p>\n<p>&nbsp;<\/p>\n<p>&nbsp;<\/p>\n","protected":false},"excerpt":{"rendered":"<p>Data Temas Hor\u00e1rio 10\\12 Credenciamento 18h00min 10\\12 Solenidade de Abertura &nbsp; 19h00min 10\\12 Palestra: &#8220;Hotelaria e Turismo na Gest\u00e3o Ambiental.&#8221; Palestrante:\u00a0Prof. Ms Adalberto Santos Junior 19h00min Palestra: &#8220;Gest\u00e3o dos Recursos H\u00eddricos.&#8221; Palestrante:\u00a0Prof. Dr. Vitor Emanuel Q. Tavares 20h30min 11\\12 Palestra:&#8230; <a class=\"more-link\" href=\"https:\/\/wp.ufpel.edu.br\/semanaacademicadegestaoambiental\/2012\/09\/25\/post-test\/\">Continue lendo &rarr;<\/a><\/p>\n","protected":false},"author":215,"featured_media":0,"comment_status":"closed","ping_status":"closed","sticky":false,"template":"","format":"standard","meta":{"footnotes":""},"categories":[18],"tags":[],"class_list":["post-38","post","type-post","status-publish","format-standard","hentry","category-sem-categoria"],"jetpack_featured_media_url":"","_links":{"self":[{"href":"https:\/\/wp.ufpel.edu.br\/semanaacademicadegestaoambiental\/wp-json\/wp\/v2\/posts\/38","targetHints":{"allow":["GET"]}}],"collection":[{"href":"https:\/\/wp.ufpel.edu.br\/semanaacademicadegestaoambiental\/wp-json\/wp\/v2\/posts"}],"about":[{"href":"https:\/\/wp.ufpel.edu.br\/semanaacademicadegestaoambiental\/wp-json\/wp\/v2\/types\/post"}],"author":[{"embeddable":true,"href":"https:\/\/wp.ufpel.edu.br\/semanaacademicadegestaoambiental\/wp-json\/wp\/v2\/users\/215"}],"replies":[{"embeddable":true,"href":"https:\/\/wp.ufpel.edu.br\/semanaacademicadegestaoambiental\/wp-json\/wp\/v2\/comments?post=38"}],"version-history":[{"count":11,"href":"https:\/\/wp.ufpel.edu.br\/semanaacademicadegestaoambiental\/wp-json\/wp\/v2\/posts\/38\/revisions"}],"predecessor-version":[{"id":131,"href":"https:\/\/wp.ufpel.edu.br\/semanaacademicadegestaoambiental\/wp-json\/wp\/v2\/posts\/38\/revisions\/131"}],"wp:attachment":[{"href":"https:\/\/wp.ufpel.edu.br\/semanaacademicadegestaoambiental\/wp-json\/wp\/v2\/media?parent=38"}],"wp:term":[{"taxonomy":"category","embeddable":true,"href":"https:\/\/wp.ufpel.edu.br\/semanaacademicadegestaoambiental\/wp-json\/wp\/v2\/categories?post=38"},{"taxonomy":"post_tag","embeddable":true,"href":"https:\/\/wp.ufpel.edu.br\/semanaacademicadegestaoambiental\/wp-json\/wp\/v2\/tags?post=38"}],"curies":[{"name":"wp","href":"https:\/\/api.w.org\/{rel}","templated":true}]}}