{"id":408,"date":"2017-12-18T17:13:50","date_gmt":"2017-12-18T19:13:50","guid":{"rendered":"https:\/\/wp.ufpel.edu.br\/seaengenhariajr\/?p=408"},"modified":"2017-12-18T17:14:17","modified_gmt":"2017-12-18T19:14:17","slug":"confraternizacao-fim-de-ano-2017","status":"publish","type":"post","link":"https:\/\/wp.ufpel.edu.br\/seaengenhariajr\/2017\/12\/18\/confraternizacao-fim-de-ano-2017\/","title":{"rendered":"Confraterniza\u00e7\u00e3o fim de ano 2017"},"content":{"rendered":"<p><span class=\"_5mfr _47e3\"><img loading=\"lazy\" decoding=\"async\" class=\"alignnone size-full wp-image-414\" src=\"https:\/\/wp.ufpel.edu.br\/seaengenhariajr\/files\/2017\/12\/fim-de-ano.png\" alt=\"\" width=\"2000\" height=\"2000\" srcset=\"https:\/\/wp.ufpel.edu.br\/seaengenhariajr\/files\/2017\/12\/fim-de-ano.png 2000w, https:\/\/wp.ufpel.edu.br\/seaengenhariajr\/files\/2017\/12\/fim-de-ano-159x159.png 159w, https:\/\/wp.ufpel.edu.br\/seaengenhariajr\/files\/2017\/12\/fim-de-ano-318x318.png 318w, https:\/\/wp.ufpel.edu.br\/seaengenhariajr\/files\/2017\/12\/fim-de-ano-768x768.png 768w\" sizes=\"auto, (max-width: 2000px) 100vw, 2000px\" \/><\/span><\/p>\n<p>Neste s\u00e1bado (16\/12) ocorreu a confraterniza\u00e7\u00e3o de fim de ano da SEA, um momento de descontra\u00e7\u00e3o e integra\u00e7\u00e3o. Durante o dia o setor de Gest\u00e3o de Pessoas organizou uma din\u00e2mica para demonstrar a import\u00e2ncia do trabalho em equipe.<\/p>\n<p>Al\u00e9m disso, houve a despedida da nossa Diretora de Marketing\u00a0<a class=\"profileLink\" href=\"https:\/\/www.facebook.com\/jaadeoliveira?fref=mentions\">Jade Oliveira<\/a>, agradecemos todo o seu tempo de empresa e desejamos muito sucesso em sua nova caminhada.\u00a0<span class=\"_5mfr _47e3\"><img loading=\"lazy\" decoding=\"async\" class=\"img\" role=\"presentation\" src=\"https:\/\/static.xx.fbcdn.net\/images\/emoji.php\/v9\/f8c\/1\/16\/1f389.png\" alt=\"\" width=\"16\" height=\"16\" \/><\/span><\/p>\n<p><span class=\"_5mfr _47e3\"><span class=\"_7oe\">?<\/span><\/span><\/p>\n","protected":false},"excerpt":{"rendered":"<p>Neste s\u00e1bado (16\/12) ocorreu a confraterniza\u00e7\u00e3o de fim de ano da SEA, um momento de descontra\u00e7\u00e3o e integra\u00e7\u00e3o. Durante o dia o setor de Gest\u00e3o de Pessoas organizou uma din\u00e2mica para demonstrar a import\u00e2ncia do trabalho em equipe. Al\u00e9m disso, houve a despedida da nossa Diretora de Marketing\u00a0Jade Oliveira, agradecemos todo o seu tempo de &hellip; <a href=\"https:\/\/wp.ufpel.edu.br\/seaengenhariajr\/2017\/12\/18\/confraternizacao-fim-de-ano-2017\/\" class=\"more-link\">Continue lendo <span class=\"screen-reader-text\">Confraterniza\u00e7\u00e3o fim de ano 2017<\/span> <span class=\"meta-nav\">&rarr;<\/span><\/a><\/p>\n","protected":false},"author":726,"featured_media":0,"comment_status":"closed","ping_status":"closed","sticky":false,"template":"","format":"standard","meta":{"_jetpack_memberships_contains_paid_content":false,"footnotes":""},"categories":[1],"tags":[],"class_list":["post-408","post","type-post","status-publish","format-standard","hentry","category-noticias"],"jetpack_featured_media_url":"","jetpack_sharing_enabled":true,"_links":{"self":[{"href":"https:\/\/wp.ufpel.edu.br\/seaengenhariajr\/wp-json\/wp\/v2\/posts\/408","targetHints":{"allow":["GET"]}}],"collection":[{"href":"https:\/\/wp.ufpel.edu.br\/seaengenhariajr\/wp-json\/wp\/v2\/posts"}],"about":[{"href":"https:\/\/wp.ufpel.edu.br\/seaengenhariajr\/wp-json\/wp\/v2\/types\/post"}],"author":[{"embeddable":true,"href":"https:\/\/wp.ufpel.edu.br\/seaengenhariajr\/wp-json\/wp\/v2\/users\/726"}],"replies":[{"embeddable":true,"href":"https:\/\/wp.ufpel.edu.br\/seaengenhariajr\/wp-json\/wp\/v2\/comments?post=408"}],"version-history":[{"count":1,"href":"https:\/\/wp.ufpel.edu.br\/seaengenhariajr\/wp-json\/wp\/v2\/posts\/408\/revisions"}],"predecessor-version":[{"id":415,"href":"https:\/\/wp.ufpel.edu.br\/seaengenhariajr\/wp-json\/wp\/v2\/posts\/408\/revisions\/415"}],"wp:attachment":[{"href":"https:\/\/wp.ufpel.edu.br\/seaengenhariajr\/wp-json\/wp\/v2\/media?parent=408"}],"wp:term":[{"taxonomy":"category","embeddable":true,"href":"https:\/\/wp.ufpel.edu.br\/seaengenhariajr\/wp-json\/wp\/v2\/categories?post=408"},{"taxonomy":"post_tag","embeddable":true,"href":"https:\/\/wp.ufpel.edu.br\/seaengenhariajr\/wp-json\/wp\/v2\/tags?post=408"}],"curies":[{"name":"wp","href":"https:\/\/api.w.org\/{rel}","templated":true}]}}