{"id":270,"date":"2017-10-12T19:22:13","date_gmt":"2017-10-12T22:22:13","guid":{"rendered":"https:\/\/wp.ufpel.edu.br\/seaengenhariajr\/?p=270"},"modified":"2017-10-12T19:22:13","modified_gmt":"2017-10-12T22:22:13","slug":"sea-apresenta-sua-nova-equipe-na-iv-semana-academica-da-engenharia-hidrica","status":"publish","type":"post","link":"https:\/\/wp.ufpel.edu.br\/seaengenhariajr\/2017\/10\/12\/sea-apresenta-sua-nova-equipe-na-iv-semana-academica-da-engenharia-hidrica\/","title":{"rendered":"SEA apresenta sua nova equipe na IV Semana Acad\u00eamica da Engenharia H\u00eddrica"},"content":{"rendered":"<p><img loading=\"lazy\" decoding=\"async\" class=\"alignnone size-full wp-image-272\" src=\"https:\/\/wp.ufpel.edu.br\/seaengenhariajr\/files\/2017\/10\/SEA-comparece-na-semana-academica-da-Engenharia-Hidrica-4.jpg\" alt=\"\" width=\"945\" height=\"756\" srcset=\"https:\/\/wp.ufpel.edu.br\/seaengenhariajr\/files\/2017\/10\/SEA-comparece-na-semana-academica-da-Engenharia-Hidrica-4.jpg 945w, https:\/\/wp.ufpel.edu.br\/seaengenhariajr\/files\/2017\/10\/SEA-comparece-na-semana-academica-da-Engenharia-Hidrica-4-199x159.jpg 199w, https:\/\/wp.ufpel.edu.br\/seaengenhariajr\/files\/2017\/10\/SEA-comparece-na-semana-academica-da-Engenharia-Hidrica-4-398x318.jpg 398w, https:\/\/wp.ufpel.edu.br\/seaengenhariajr\/files\/2017\/10\/SEA-comparece-na-semana-academica-da-Engenharia-Hidrica-4-768x614.jpg 768w, https:\/\/wp.ufpel.edu.br\/seaengenhariajr\/files\/2017\/10\/SEA-comparece-na-semana-academica-da-Engenharia-Hidrica-4-250x200.jpg 250w\" sizes=\"auto, (max-width: 945px) 100vw, 945px\" \/><\/p>\n<p>Nos dias 02\/10 \u00e0 06\/10 ocorreu a IV Semana Acad\u00eamica da Engenharia H\u00eddrica, com palestras, mini-cursos e visitas t\u00e9cnicas para os alunos do curso. Um momento muito importante para os graduandos pois t\u00eam a oportunidade de interagir com profissionais que atuam na \u00e1rea de Recursos H\u00eddricos, proporcionando trocas de experi\u00eancias e complementa\u00e7\u00e3o acad\u00eamica.<\/p>\n<p>O DAEH Gest\u00e3o Integrando abriu um espa\u00e7o durante a semana para que a SEA pudesse se apresentar e incentivar que cada vez mais os alunos a participar da empresa.<\/p>\n<p>A SEA gostaria de agradecer o convite e espera mais parcerias entre o DA e nossa empresa.<\/p>\n<p>#EngenhariaH\u00eddrica #SemanaAcad\u00eamica #DAEH #SEA<\/p>\n","protected":false},"excerpt":{"rendered":"<p>Nos dias 02\/10 \u00e0 06\/10 ocorreu a IV Semana Acad\u00eamica da Engenharia H\u00eddrica, com palestras, mini-cursos e visitas t\u00e9cnicas para os alunos do curso. Um momento muito importante para os graduandos pois t\u00eam a oportunidade de interagir com profissionais que atuam na \u00e1rea de Recursos H\u00eddricos, proporcionando trocas de experi\u00eancias e complementa\u00e7\u00e3o acad\u00eamica. O DAEH &hellip; <a href=\"https:\/\/wp.ufpel.edu.br\/seaengenhariajr\/2017\/10\/12\/sea-apresenta-sua-nova-equipe-na-iv-semana-academica-da-engenharia-hidrica\/\" class=\"more-link\">Continue lendo <span class=\"screen-reader-text\">SEA apresenta sua nova equipe na IV Semana Acad\u00eamica da Engenharia H\u00eddrica<\/span> <span class=\"meta-nav\">&rarr;<\/span><\/a><\/p>\n","protected":false},"author":726,"featured_media":0,"comment_status":"closed","ping_status":"closed","sticky":false,"template":"","format":"standard","meta":{"_jetpack_memberships_contains_paid_content":false,"footnotes":""},"categories":[1],"tags":[],"class_list":["post-270","post","type-post","status-publish","format-standard","hentry","category-noticias"],"jetpack_featured_media_url":"","jetpack_sharing_enabled":true,"_links":{"self":[{"href":"https:\/\/wp.ufpel.edu.br\/seaengenhariajr\/wp-json\/wp\/v2\/posts\/270","targetHints":{"allow":["GET"]}}],"collection":[{"href":"https:\/\/wp.ufpel.edu.br\/seaengenhariajr\/wp-json\/wp\/v2\/posts"}],"about":[{"href":"https:\/\/wp.ufpel.edu.br\/seaengenhariajr\/wp-json\/wp\/v2\/types\/post"}],"author":[{"embeddable":true,"href":"https:\/\/wp.ufpel.edu.br\/seaengenhariajr\/wp-json\/wp\/v2\/users\/726"}],"replies":[{"embeddable":true,"href":"https:\/\/wp.ufpel.edu.br\/seaengenhariajr\/wp-json\/wp\/v2\/comments?post=270"}],"version-history":[{"count":1,"href":"https:\/\/wp.ufpel.edu.br\/seaengenhariajr\/wp-json\/wp\/v2\/posts\/270\/revisions"}],"predecessor-version":[{"id":273,"href":"https:\/\/wp.ufpel.edu.br\/seaengenhariajr\/wp-json\/wp\/v2\/posts\/270\/revisions\/273"}],"wp:attachment":[{"href":"https:\/\/wp.ufpel.edu.br\/seaengenhariajr\/wp-json\/wp\/v2\/media?parent=270"}],"wp:term":[{"taxonomy":"category","embeddable":true,"href":"https:\/\/wp.ufpel.edu.br\/seaengenhariajr\/wp-json\/wp\/v2\/categories?post=270"},{"taxonomy":"post_tag","embeddable":true,"href":"https:\/\/wp.ufpel.edu.br\/seaengenhariajr\/wp-json\/wp\/v2\/tags?post=270"}],"curies":[{"name":"wp","href":"https:\/\/api.w.org\/{rel}","templated":true}]}}