{"id":7748,"date":"2022-08-11T16:44:54","date_gmt":"2022-08-11T19:44:54","guid":{"rendered":"https:\/\/wp.ufpel.edu.br\/scs\/?p=7748"},"modified":"2022-08-12T09:15:32","modified_gmt":"2022-08-12T12:15:32","slug":"scs-divulga-resultado-de-eleicao-para-docentes-consun","status":"publish","type":"post","link":"https:\/\/wp.ufpel.edu.br\/scs\/2022\/08\/11\/scs-divulga-resultado-de-eleicao-para-docentes-consun\/","title":{"rendered":"SCS divulga resultado de Elei\u00e7\u00e3o para Docentes \u2013 CONSUN"},"content":{"rendered":"<article>\n<article>\n<article>A Secretaria dos Conselhos Superiores divulga o resultado do Processo Eleitoral para escolha de representantes\u00a0<strong>de\u00a0Coordenadores de Cursos\u00a0de Gradua\u00e7\u00e3o (\u00c1rea de Ci\u00eancias da Vida,\u00a0de\u00a0Ci\u00eancias Exatas\u00a0e de\u00a0Ci\u00eancias Humanas)\u00a0e de\u00a0representantes\u00a0dos Professores da Classe D &#8211; Associado,\u00a0da\u00a0Classe C &#8211; Adjunto\u00a0e da\u00a0Classe B &#8211; Assistente<\/strong><strong>,\u00a0junto ao Conselho Universit\u00e1rio &#8211; CONSUN<\/strong>, conforme a Ata de Reuni\u00e3o CONSUN (1817947), dispon\u00edvel no Processo SEI 23110.024563\/2022-65:<\/article>\n<\/article>\n<article>\n<hr \/>\n<\/article>\n<\/article>\n<article><\/article>\n<article>\n<article>\n<article><\/article>\n<article><\/article>\n<article><strong><em>Chapas Eleitas:<\/em><\/strong><\/article>\n<\/article>\n<\/article>\n<article>\n<ul>\n<li>\n<p class=\"Texto_Justificado_Recuo_Primeira_Linha\"><strong>Coordenadores de Cursos de Gradua\u00e7\u00e3o (\u00c1rea de Ci\u00eancias da Vida):<\/strong><\/p>\n<p class=\"Texto_Justificado_Recuo_Primeira_Linha\">Chapa 01: Titular: SILVIA ELAINE CARDOZO MACEDO (FAMED) e Suplente: FERNANDA HERNANDES FIGUEIRA (IB)<\/p>\n<\/li>\n<\/ul>\n<\/article>\n<article>\n<article>\n<article>\n<ul>\n<li>\n<p class=\"Texto_Justificado_Recuo_Primeira_Linha\"><strong>Coordenadores de Cursos de Gradua\u00e7\u00e3o (\u00c1rea de Ci\u00eancias Exatas):<\/strong><\/p>\n<p class=\"Texto_Justificado_Recuo_Primeira_Linha\">Chapa 02: Titular: MAR\u00cdLIA LAZAROTTO (CENG) e Suplente: CRISTIANE WIENKE RAUBACH (CDTEC)<\/p>\n<\/li>\n<li>\n<p class=\"Texto_Justificado_Recuo_Primeira_Linha\"><strong>Coordenadores de Cursos de Gradua\u00e7\u00e3o (\u00c1rea de Ci\u00eancias Humanas):<\/strong><\/p>\n<p class=\"Texto_Justificado_Recuo_Primeira_Linha\">Chapa 02: Titular: CORIOLANO CHAVES BORGES FILHO (CIM) e Suplente: SANDRA MARIA LEAL ALVES (CLC)<\/p>\n<\/li>\n<\/ul>\n<ul>\n<li>\n<p class=\"Texto_Justificado_Recuo_Primeira_Linha\"><strong>Professores da Classe D &#8211; Associado:<\/strong><\/p>\n<p class=\"Texto_Justificado_Recuo_Primeira_Linha\">Chapa 01: Titular: UEMERSON SILVA DA CUNHA (FAEM) e Suplente: ELIZABETE HELBIG (FN)<\/p>\n<\/li>\n<li>\n<p class=\"Texto_Justificado_Recuo_Primeira_Linha\"><strong>Professores da Classe C &#8211; Adjunto:<\/strong><\/p>\n<p class=\"Texto_Justificado_Recuo_Primeira_Linha\">Chapa 02: Titular: ANA DA ROSA BANDEIRA (CA) e Suplente: OTAVIO PEREIRA D\u2019AVILA (FO)<\/p>\n<\/li>\n<li>\n<p class=\"Texto_Justificado_Recuo_Primeira_Linha\"><strong>Professores da Classe B &#8211; Assistente:<\/strong><\/p>\n<p class=\"Texto_Justificado_Recuo_Primeira_Linha\">Chapa 01: Titular: LAURA DE MORAES GOMES (FAMED) e Suplente: AUGUSTO HAX NIENCHESKI (FAMED)<\/p>\n<\/li>\n<\/ul>\n<\/article>\n<hr \/>\n<article>\n<p style=\"padding-left: 40px;\"><em>Observa\u00e7\u00e3o: Os mandados de Coordenadores de Cursos de Gradua\u00e7\u00e3o (\u00c1rea de Ci\u00eancias da Vida),\u00a0 Coordenadores de Cursos de Gradua\u00e7\u00e3o (\u00c1rea de Ci\u00eancias Exatas), Professores da Classe D &#8211; Associado e Professores da Classe C &#8211; Adjunto ser\u00e3o a contar do dia 25\/08\/2022. O mandato de Coordenadores de Cursos de Gradua\u00e7\u00e3o (\u00c1rea de Ci\u00eancias Humanas) ser\u00e1 a contar do dia 18\/09\/2022 e o mandato de Professores da Classe B &#8211; Assistente ser\u00e1 a contar da data do encerramento da elei\u00e7\u00e3o.<\/em><\/p>\n<\/article>\n<\/article>\n<\/article>\n","protected":false},"excerpt":{"rendered":"<p>A Secretaria dos Conselhos Superiores divulga o resultado do Processo Eleitoral para escolha de representantes\u00a0de\u00a0Coordenadores de Cursos\u00a0de Gradua\u00e7\u00e3o (\u00c1rea de Ci\u00eancias da Vida,\u00a0de\u00a0Ci\u00eancias Exatas\u00a0e de\u00a0Ci\u00eancias Humanas)\u00a0e de\u00a0representantes\u00a0dos Professores da Classe D &#8211; Associado,\u00a0da\u00a0Classe C &#8211; Adjunto\u00a0e da\u00a0Classe B &#8211; Assistente,\u00a0junto ao Conselho Universit\u00e1rio &#8211; CONSUN, conforme a Ata de Reuni\u00e3o CONSUN (1817947), dispon\u00edvel no Processo [&hellip;]<\/p>\n","protected":false},"author":29,"featured_media":0,"comment_status":"closed","ping_status":"closed","sticky":false,"template":"","format":"standard","meta":{"footnotes":""},"categories":[1],"tags":[],"class_list":["post-7748","post","type-post","status-publish","format-standard","hentry","category-noticias"],"jetpack_featured_media_url":"","_links":{"self":[{"href":"https:\/\/wp.ufpel.edu.br\/scs\/wp-json\/wp\/v2\/posts\/7748","targetHints":{"allow":["GET"]}}],"collection":[{"href":"https:\/\/wp.ufpel.edu.br\/scs\/wp-json\/wp\/v2\/posts"}],"about":[{"href":"https:\/\/wp.ufpel.edu.br\/scs\/wp-json\/wp\/v2\/types\/post"}],"author":[{"embeddable":true,"href":"https:\/\/wp.ufpel.edu.br\/scs\/wp-json\/wp\/v2\/users\/29"}],"replies":[{"embeddable":true,"href":"https:\/\/wp.ufpel.edu.br\/scs\/wp-json\/wp\/v2\/comments?post=7748"}],"version-history":[{"count":5,"href":"https:\/\/wp.ufpel.edu.br\/scs\/wp-json\/wp\/v2\/posts\/7748\/revisions"}],"predecessor-version":[{"id":7754,"href":"https:\/\/wp.ufpel.edu.br\/scs\/wp-json\/wp\/v2\/posts\/7748\/revisions\/7754"}],"wp:attachment":[{"href":"https:\/\/wp.ufpel.edu.br\/scs\/wp-json\/wp\/v2\/media?parent=7748"}],"wp:term":[{"taxonomy":"category","embeddable":true,"href":"https:\/\/wp.ufpel.edu.br\/scs\/wp-json\/wp\/v2\/categories?post=7748"},{"taxonomy":"post_tag","embeddable":true,"href":"https:\/\/wp.ufpel.edu.br\/scs\/wp-json\/wp\/v2\/tags?post=7748"}],"curies":[{"name":"wp","href":"https:\/\/api.w.org\/{rel}","templated":true}]}}