{"id":517,"date":"2023-09-14T21:11:41","date_gmt":"2023-09-15T00:11:41","guid":{"rendered":"https:\/\/wp.ufpel.edu.br\/sbqsul2023\/?p=517"},"modified":"2023-09-14T21:11:41","modified_gmt":"2023-09-15T00:11:41","slug":"517","status":"publish","type":"post","link":"https:\/\/wp.ufpel.edu.br\/sbqsul2023\/2023\/09\/14\/517\/","title":{"rendered":""},"content":{"rendered":"<p><img loading=\"lazy\" decoding=\"async\" class=\"alignnone size-medium wp-image-518 aligncenter\" src=\"https:\/\/wp.ufpel.edu.br\/sbqsul2023\/files\/2023\/09\/Copia-de-inscricoes-abertas-400x400.jpg\" alt=\"\" width=\"400\" height=\"400\" srcset=\"https:\/\/wp.ufpel.edu.br\/sbqsul2023\/files\/2023\/09\/Copia-de-inscricoes-abertas-400x400.jpg 400w, https:\/\/wp.ufpel.edu.br\/sbqsul2023\/files\/2023\/09\/Copia-de-inscricoes-abertas-1024x1024.jpg 1024w, https:\/\/wp.ufpel.edu.br\/sbqsul2023\/files\/2023\/09\/Copia-de-inscricoes-abertas-200x200.jpg 200w, https:\/\/wp.ufpel.edu.br\/sbqsul2023\/files\/2023\/09\/Copia-de-inscricoes-abertas-768x768.jpg 768w, https:\/\/wp.ufpel.edu.br\/sbqsul2023\/files\/2023\/09\/Copia-de-inscricoes-abertas.jpg 1080w\" sizes=\"auto, (max-width: 400px) 100vw, 400px\" \/><\/p>\n<p>\ud83d\udce3\ud83d\udce3Em fun\u00e7\u00e3o dos problemas clim\u00e1ticos ocorridos nos \u00faltimos dias, principalmente em todo o estado do RS, e da necessidade de um tempo maior para organiza\u00e7\u00e3o de \u00f4nibus vindos de outros estados como SC e PR, a Comiss\u00e3o local do 29\u00b0 SBQ Sul informa que as inscri\u00e7\u00f5es com desconto e a submiss\u00e3o de resumos foram prorrogadas at\u00e9 o dia <span style=\"background-color: #00ffff;\">*20 de setembro*<\/span>.<\/p>\n<p>Aproveita ent\u00e3o para caprichar no resumo, te inscrever nos minicursos e organizar a tua vinda para a cidade do doce! Vamos fazer um grande evento!\ud83e\udd17\ud83e\udd17<\/p>\n","protected":false},"excerpt":{"rendered":"<p>\ud83d\udce3\ud83d\udce3Em fun\u00e7\u00e3o dos problemas clim\u00e1ticos ocorridos nos \u00faltimos dias, principalmente em todo o estado do RS, e da necessidade de um tempo maior para organiza\u00e7\u00e3o de \u00f4nibus vindos de outros estados como SC e PR, a Comiss\u00e3o local do 29\u00b0 &hellip; <a href=\"https:\/\/wp.ufpel.edu.br\/sbqsul2023\/2023\/09\/14\/517\/\">Continue lendo <span class=\"meta-nav\">&rarr;<\/span><\/a><\/p>\n","protected":false},"author":1291,"featured_media":0,"comment_status":"closed","ping_status":"closed","sticky":false,"template":"","format":"standard","meta":{"footnotes":""},"categories":[1],"tags":[],"class_list":["post-517","post","type-post","status-publish","format-standard","hentry","category-apresentacao"],"jetpack_featured_media_url":"","_links":{"self":[{"href":"https:\/\/wp.ufpel.edu.br\/sbqsul2023\/wp-json\/wp\/v2\/posts\/517","targetHints":{"allow":["GET"]}}],"collection":[{"href":"https:\/\/wp.ufpel.edu.br\/sbqsul2023\/wp-json\/wp\/v2\/posts"}],"about":[{"href":"https:\/\/wp.ufpel.edu.br\/sbqsul2023\/wp-json\/wp\/v2\/types\/post"}],"author":[{"embeddable":true,"href":"https:\/\/wp.ufpel.edu.br\/sbqsul2023\/wp-json\/wp\/v2\/users\/1291"}],"replies":[{"embeddable":true,"href":"https:\/\/wp.ufpel.edu.br\/sbqsul2023\/wp-json\/wp\/v2\/comments?post=517"}],"version-history":[{"count":1,"href":"https:\/\/wp.ufpel.edu.br\/sbqsul2023\/wp-json\/wp\/v2\/posts\/517\/revisions"}],"predecessor-version":[{"id":519,"href":"https:\/\/wp.ufpel.edu.br\/sbqsul2023\/wp-json\/wp\/v2\/posts\/517\/revisions\/519"}],"wp:attachment":[{"href":"https:\/\/wp.ufpel.edu.br\/sbqsul2023\/wp-json\/wp\/v2\/media?parent=517"}],"wp:term":[{"taxonomy":"category","embeddable":true,"href":"https:\/\/wp.ufpel.edu.br\/sbqsul2023\/wp-json\/wp\/v2\/categories?post=517"},{"taxonomy":"post_tag","embeddable":true,"href":"https:\/\/wp.ufpel.edu.br\/sbqsul2023\/wp-json\/wp\/v2\/tags?post=517"}],"curies":[{"name":"wp","href":"https:\/\/api.w.org\/{rel}","templated":true}]}}