{"id":50,"date":"2023-04-21T20:33:15","date_gmt":"2023-04-21T23:33:15","guid":{"rendered":"https:\/\/wp.ufpel.edu.br\/sbqsul2023\/?p=50"},"modified":"2023-08-23T14:18:07","modified_gmt":"2023-08-23T17:18:07","slug":"bem-vindos","status":"publish","type":"post","link":"https:\/\/wp.ufpel.edu.br\/sbqsul2023\/2023\/04\/21\/bem-vindos\/","title":{"rendered":"Bem-vindos!"},"content":{"rendered":"<p><img loading=\"lazy\" decoding=\"async\" class=\"size-medium wp-image-15 aligncenter\" src=\"https:\/\/wp.ufpel.edu.br\/sbqsul2023\/files\/2023\/04\/IDENTIDADE-VISUAL-SBQ-SULPrancheta-1-400x400.png\" alt=\"\" width=\"400\" height=\"400\" srcset=\"https:\/\/wp.ufpel.edu.br\/sbqsul2023\/files\/2023\/04\/IDENTIDADE-VISUAL-SBQ-SULPrancheta-1-400x400.png 400w, https:\/\/wp.ufpel.edu.br\/sbqsul2023\/files\/2023\/04\/IDENTIDADE-VISUAL-SBQ-SULPrancheta-1-1024x1024.png 1024w, https:\/\/wp.ufpel.edu.br\/sbqsul2023\/files\/2023\/04\/IDENTIDADE-VISUAL-SBQ-SULPrancheta-1-200x200.png 200w, https:\/\/wp.ufpel.edu.br\/sbqsul2023\/files\/2023\/04\/IDENTIDADE-VISUAL-SBQ-SULPrancheta-1-768x768.png 768w, https:\/\/wp.ufpel.edu.br\/sbqsul2023\/files\/2023\/04\/IDENTIDADE-VISUAL-SBQ-SULPrancheta-1-1536x1536.png 1536w, https:\/\/wp.ufpel.edu.br\/sbqsul2023\/files\/2023\/04\/IDENTIDADE-VISUAL-SBQ-SULPrancheta-1-2048x2048.png 2048w\" sizes=\"auto, (max-width: 400px) 100vw, 400px\" \/><\/p>\n<p><img loading=\"lazy\" decoding=\"async\" class=\"size-medium wp-image-52 aligncenter\" src=\"https:\/\/wp.ufpel.edu.br\/sbqsul2023\/files\/2023\/04\/texto-400x70.png\" alt=\"\" width=\"400\" height=\"70\" srcset=\"https:\/\/wp.ufpel.edu.br\/sbqsul2023\/files\/2023\/04\/texto-400x70.png 400w, https:\/\/wp.ufpel.edu.br\/sbqsul2023\/files\/2023\/04\/texto.png 724w\" sizes=\"auto, (max-width: 400px) 100vw, 400px\" \/><\/p>\n<p style=\"text-align: justify;\">\u00a0 \u00a0 \u00a0 Os Encontros de Qu\u00edmica da Regi\u00e3o Sul s\u00e3o encontros anuais, organizados pelas secretarias regionais dos estados do RS, SC e PR, desde 1993, em conjunto com as Universidades. Esses encontros fomentam debates pertinentes \u00e0s diferentes \u00e1reas da Qu\u00edmica, envolvendo ensino, pesquisa e inova\u00e7\u00e3o tecnol\u00f3gica.<\/p>\n<p style=\"text-align: justify;\">\u00a0 \u00a0 \u00a0O 1\u00b0 Encontro de Qu\u00edmica da Regi\u00e3o Sul \u2013 SBQ-SUL foi realizado em 1993, em Florian\u00f3polis nas depend\u00eancias da UFSC, com o tema \u201c<em>Caminhos para a Integra\u00e7\u00e3o da Qu\u00edmica na Regi\u00e3o Sul<\/em>\u201d. De l\u00e1 para c\u00e1, foram mais 28 encontros, todos cobertos de pleno \u00eaxito, no que se refere \u00e0 participa\u00e7\u00e3o de estudantes e profissionais, dos mais variados segmentos da Qu\u00edmica, como tamb\u00e9m na apresenta\u00e7\u00e3o de trabalhos de elevado grau cient\u00edfico e tecnol\u00f3gico.<\/p>\n<p style=\"text-align: justify;\">\u00a0 \u00a0 \u00a0 \u00a0 Em 2003, a Universidade Federal de Pelotas (UFPel) sediou o 11\u00ba Encontro, com o tema &#8220;A<em> Qu\u00edmica e os novos desafios<\/em>&#8221; e contou com\u00a0 784 participantes e 451 trabalhos. Em 2019, a 26\u00aa edi\u00e7\u00e3o da SBQ Sul foi realizada na cidade de Caxias do Sul. No ano de 2020, devido a pandemia de COVID-19, n\u00e3o foi poss\u00edvel realizar o evento, que, seguindo o rod\u00edzio dos estados da Regi\u00e3o Sul, seria sediado em SC. Em 2021, garantindo a continuidade dos encontros das regionais sul, o 27\u00ba Encontro da SBQ Sul foi realizado em Itaja\u00ed, SC, na UNIVALI, no formato online interativo. Em 2022, na cidade de Ponta Grossa, PR, o 28\u00b0 Encontro da SBQ Sul foi importante, pois simbolizou a retomada dos eventos 100% presenciais ap\u00f3s a pandemia de COVID-19, contando com a presen\u00e7a de 350 inscritos.<\/p>\n<p style=\"text-align: justify;\">\u00a0 \u00a0 \u00a0 \u00a0 O ano de 2023 \u00e9 muito importante, pois estamos comemorando os 30 anos de exist\u00eancia dos Encontros de Qu\u00edmica da Regi\u00e3o Sul e coube \u00e0 UFPel, a honra de sediar a 29\u00b0 edi\u00e7\u00e3o desse evento, carinhosamente chamado de \u201cSBQ-SUL\u201d. A tem\u00e1tica escolhida para o encontro foi \u201c<strong>SBQ Sul 30 anos. Um olhar para o futuro<\/strong>\u201d. Pretende-se constituir um momento de reflex\u00e3o e troca de ideias sobre o que queremos e os desafios que teremos que enfrentar no futuro da Qu\u00edmica na Regi\u00e3o Sul.<\/p>\n<p><img loading=\"lazy\" decoding=\"async\" class=\"alignnone wp-image-181\" src=\"https:\/\/wp.ufpel.edu.br\/sbqsul2023\/files\/2023\/04\/total-400x69.png\" alt=\"\" width=\"643\" height=\"111\" srcset=\"https:\/\/wp.ufpel.edu.br\/sbqsul2023\/files\/2023\/04\/total-400x69.png 400w, https:\/\/wp.ufpel.edu.br\/sbqsul2023\/files\/2023\/04\/total-1024x176.png 1024w, https:\/\/wp.ufpel.edu.br\/sbqsul2023\/files\/2023\/04\/total-768x132.png 768w, https:\/\/wp.ufpel.edu.br\/sbqsul2023\/files\/2023\/04\/total.png 1414w\" sizes=\"auto, (max-width: 643px) 100vw, 643px\" \/><\/p>\n<p style=\"text-align: center;\"><strong><span style=\"color: #185ca4;\">Patroc\u00ednio<\/span><\/strong><\/p>\n<p><a href=\"http:\/\/www.rsc.org\" target=\"_blank\" rel=\"noopener\"><img loading=\"lazy\" decoding=\"async\" class=\" wp-image-418 aligncenter\" src=\"https:\/\/wp.ufpel.edu.br\/sbqsul2023\/files\/2023\/04\/rsc-400x132.jpg\" alt=\"\" width=\"370\" height=\"122\" srcset=\"https:\/\/wp.ufpel.edu.br\/sbqsul2023\/files\/2023\/04\/rsc-400x132.jpg 400w, https:\/\/wp.ufpel.edu.br\/sbqsul2023\/files\/2023\/04\/rsc-1024x339.jpg 1024w, https:\/\/wp.ufpel.edu.br\/sbqsul2023\/files\/2023\/04\/rsc-768x254.jpg 768w, https:\/\/wp.ufpel.edu.br\/sbqsul2023\/files\/2023\/04\/rsc.jpg 1355w\" sizes=\"auto, (max-width: 370px) 100vw, 370px\" \/><img loading=\"lazy\" decoding=\"async\" class=\"alignnone size-medium wp-image-500 aligncenter\" src=\"https:\/\/wp.ufpel.edu.br\/sbqsul2023\/files\/2023\/08\/LOGO-SUPERLAB-VERMELHO-400x84.png\" alt=\"\" width=\"400\" height=\"84\" srcset=\"https:\/\/wp.ufpel.edu.br\/sbqsul2023\/files\/2023\/08\/LOGO-SUPERLAB-VERMELHO-400x84.png 400w, https:\/\/wp.ufpel.edu.br\/sbqsul2023\/files\/2023\/08\/LOGO-SUPERLAB-VERMELHO-1024x216.png 1024w, https:\/\/wp.ufpel.edu.br\/sbqsul2023\/files\/2023\/08\/LOGO-SUPERLAB-VERMELHO-768x162.png 768w, https:\/\/wp.ufpel.edu.br\/sbqsul2023\/files\/2023\/08\/LOGO-SUPERLAB-VERMELHO-1536x324.png 1536w, https:\/\/wp.ufpel.edu.br\/sbqsul2023\/files\/2023\/08\/LOGO-SUPERLAB-VERMELHO-2048x432.png 2048w, https:\/\/wp.ufpel.edu.br\/sbqsul2023\/files\/2023\/08\/LOGO-SUPERLAB-VERMELHO-940x198.png 940w\" sizes=\"auto, (max-width: 400px) 100vw, 400px\" \/><\/a><img loading=\"lazy\" decoding=\"async\" class=\"wp-image-478 aligncenter\" src=\"https:\/\/wp.ufpel.edu.br\/sbqsul2023\/files\/2023\/07\/WhatsApp-Image-2023-07-17-at-18.34.31-1-400x267.jpeg\" alt=\"\" width=\"216\" height=\"144\" srcset=\"https:\/\/wp.ufpel.edu.br\/sbqsul2023\/files\/2023\/07\/WhatsApp-Image-2023-07-17-at-18.34.31-1-400x267.jpeg 400w, https:\/\/wp.ufpel.edu.br\/sbqsul2023\/files\/2023\/07\/WhatsApp-Image-2023-07-17-at-18.34.31-1-768x513.jpeg 768w, https:\/\/wp.ufpel.edu.br\/sbqsul2023\/files\/2023\/07\/WhatsApp-Image-2023-07-17-at-18.34.31-1.jpeg 1024w\" sizes=\"auto, (max-width: 216px) 100vw, 216px\" \/><\/p>\n<p style=\"text-align: center;\"><strong><span style=\"color: #185ca4;\">Apoio<\/span><\/strong><\/p>\n<p><a href=\"http:\/\/www.sbq.org.br\/\" target=\"_blank\" rel=\"noopener\"><img loading=\"lazy\" decoding=\"async\" class=\"alignnone size-medium wp-image-374 aligncenter\" src=\"https:\/\/wp.ufpel.edu.br\/sbqsul2023\/files\/2023\/05\/sbq-400x75.png\" alt=\"\" width=\"400\" height=\"75\" srcset=\"https:\/\/wp.ufpel.edu.br\/sbqsul2023\/files\/2023\/05\/sbq-400x75.png 400w, https:\/\/wp.ufpel.edu.br\/sbqsul2023\/files\/2023\/05\/sbq.png 540w\" sizes=\"auto, (max-width: 400px) 100vw, 400px\" \/><\/a><\/p>\n<p><a href=\"https:\/\/crqv.org.br\/\" target=\"_blank\" rel=\"noopener\"><img loading=\"lazy\" decoding=\"async\" class=\"alignnone size-full wp-image-376 aligncenter\" src=\"https:\/\/wp.ufpel.edu.br\/sbqsul2023\/files\/2023\/05\/8zuhfah4.png\" alt=\"\" width=\"315\" height=\"146\" \/><\/a><\/p>\n<p><img loading=\"lazy\" decoding=\"async\" class=\"alignnone size-medium wp-image-486 aligncenter\" src=\"https:\/\/wp.ufpel.edu.br\/sbqsul2023\/files\/2023\/04\/fapergs-400x86.png\" alt=\"\" width=\"400\" height=\"86\" srcset=\"https:\/\/wp.ufpel.edu.br\/sbqsul2023\/files\/2023\/04\/fapergs-400x86.png 400w, https:\/\/wp.ufpel.edu.br\/sbqsul2023\/files\/2023\/04\/fapergs.png 483w\" sizes=\"auto, (max-width: 400px) 100vw, 400px\" \/><\/p>\n<p><img loading=\"lazy\" decoding=\"async\" class=\"alignnone wp-image-489 aligncenter\" src=\"https:\/\/wp.ufpel.edu.br\/sbqsul2023\/files\/2023\/08\/fundacao-400x155.png\" alt=\"\" width=\"346\" height=\"134\" srcset=\"https:\/\/wp.ufpel.edu.br\/sbqsul2023\/files\/2023\/08\/fundacao-400x155.png 400w, https:\/\/wp.ufpel.edu.br\/sbqsul2023\/files\/2023\/08\/fundacao.png 528w\" sizes=\"auto, (max-width: 346px) 100vw, 346px\" \/><\/p>\n<p>&nbsp;<\/p>\n","protected":false},"excerpt":{"rendered":"<p>\u00a0 \u00a0 \u00a0 Os Encontros de Qu\u00edmica da Regi\u00e3o Sul s\u00e3o encontros anuais, organizados pelas secretarias regionais dos estados do RS, SC e PR, desde 1993, em conjunto com as Universidades. Esses encontros fomentam debates pertinentes \u00e0s diferentes \u00e1reas da &hellip; <a href=\"https:\/\/wp.ufpel.edu.br\/sbqsul2023\/2023\/04\/21\/bem-vindos\/\">Continue lendo <span class=\"meta-nav\">&rarr;<\/span><\/a><\/p>\n","protected":false},"author":1291,"featured_media":0,"comment_status":"closed","ping_status":"closed","sticky":false,"template":"","format":"standard","meta":{"footnotes":""},"categories":[1],"tags":[],"class_list":["post-50","post","type-post","status-publish","format-standard","hentry","category-apresentacao"],"jetpack_featured_media_url":"","_links":{"self":[{"href":"https:\/\/wp.ufpel.edu.br\/sbqsul2023\/wp-json\/wp\/v2\/posts\/50","targetHints":{"allow":["GET"]}}],"collection":[{"href":"https:\/\/wp.ufpel.edu.br\/sbqsul2023\/wp-json\/wp\/v2\/posts"}],"about":[{"href":"https:\/\/wp.ufpel.edu.br\/sbqsul2023\/wp-json\/wp\/v2\/types\/post"}],"author":[{"embeddable":true,"href":"https:\/\/wp.ufpel.edu.br\/sbqsul2023\/wp-json\/wp\/v2\/users\/1291"}],"replies":[{"embeddable":true,"href":"https:\/\/wp.ufpel.edu.br\/sbqsul2023\/wp-json\/wp\/v2\/comments?post=50"}],"version-history":[{"count":17,"href":"https:\/\/wp.ufpel.edu.br\/sbqsul2023\/wp-json\/wp\/v2\/posts\/50\/revisions"}],"predecessor-version":[{"id":502,"href":"https:\/\/wp.ufpel.edu.br\/sbqsul2023\/wp-json\/wp\/v2\/posts\/50\/revisions\/502"}],"wp:attachment":[{"href":"https:\/\/wp.ufpel.edu.br\/sbqsul2023\/wp-json\/wp\/v2\/media?parent=50"}],"wp:term":[{"taxonomy":"category","embeddable":true,"href":"https:\/\/wp.ufpel.edu.br\/sbqsul2023\/wp-json\/wp\/v2\/categories?post=50"},{"taxonomy":"post_tag","embeddable":true,"href":"https:\/\/wp.ufpel.edu.br\/sbqsul2023\/wp-json\/wp\/v2\/tags?post=50"}],"curies":[{"name":"wp","href":"https:\/\/api.w.org\/{rel}","templated":true}]}}