{"id":1,"date":"2017-05-29T10:08:36","date_gmt":"2017-05-29T13:08:36","guid":{"rendered":"https:\/\/wp.ufpel.edu.br\/saem\/?p=1"},"modified":"2017-07-24T13:33:20","modified_gmt":"2017-07-24T16:33:20","slug":"ola","status":"publish","type":"post","link":"https:\/\/wp.ufpel.edu.br\/saem\/2017\/05\/29\/ola\/","title":{"rendered":"Ol\u00e1!"},"content":{"rendered":"<p>Bem-vindo ao site da 3\u00ba Semana Acad\u00eamica da Engenharia de Materiais!<br \/>\nEsse \u00e9 o nosso canal de comunica\u00e7\u00e3o.<br \/>\nMais informa\u00e7\u00f5es em breve, fique ligado.<\/p>\n","protected":false},"excerpt":{"rendered":"<p>Bem-vindo ao site da 3\u00ba Semana Acad\u00eamica da Engenharia de Materiais! Esse \u00e9 o nosso canal de comunica\u00e7\u00e3o. Mais informa\u00e7\u00f5es em breve, fique ligado.<\/p>\n","protected":false},"author":757,"featured_media":0,"comment_status":"closed","ping_status":"closed","sticky":false,"template":"","format":"standard","meta":{"footnotes":""},"categories":[1],"tags":[],"class_list":["post-1","post","type-post","status-publish","format-standard","hentry","category-noticias"],"jetpack_featured_media_url":"","_links":{"self":[{"href":"https:\/\/wp.ufpel.edu.br\/saem\/wp-json\/wp\/v2\/posts\/1","targetHints":{"allow":["GET"]}}],"collection":[{"href":"https:\/\/wp.ufpel.edu.br\/saem\/wp-json\/wp\/v2\/posts"}],"about":[{"href":"https:\/\/wp.ufpel.edu.br\/saem\/wp-json\/wp\/v2\/types\/post"}],"author":[{"embeddable":true,"href":"https:\/\/wp.ufpel.edu.br\/saem\/wp-json\/wp\/v2\/users\/757"}],"replies":[{"embeddable":true,"href":"https:\/\/wp.ufpel.edu.br\/saem\/wp-json\/wp\/v2\/comments?post=1"}],"version-history":[{"count":1,"href":"https:\/\/wp.ufpel.edu.br\/saem\/wp-json\/wp\/v2\/posts\/1\/revisions"}],"predecessor-version":[{"id":25,"href":"https:\/\/wp.ufpel.edu.br\/saem\/wp-json\/wp\/v2\/posts\/1\/revisions\/25"}],"wp:attachment":[{"href":"https:\/\/wp.ufpel.edu.br\/saem\/wp-json\/wp\/v2\/media?parent=1"}],"wp:term":[{"taxonomy":"category","embeddable":true,"href":"https:\/\/wp.ufpel.edu.br\/saem\/wp-json\/wp\/v2\/categories?post=1"},{"taxonomy":"post_tag","embeddable":true,"href":"https:\/\/wp.ufpel.edu.br\/saem\/wp-json\/wp\/v2\/tags?post=1"}],"curies":[{"name":"wp","href":"https:\/\/api.w.org\/{rel}","templated":true}]}}