{"id":212,"date":"2017-05-30T11:39:02","date_gmt":"2017-05-30T14:39:02","guid":{"rendered":"https:\/\/wp.ufpel.edu.br\/sad\/?p=212"},"modified":"2017-05-30T11:39:02","modified_gmt":"2017-05-30T14:39:02","slug":"conferencias-do-i-sad","status":"publish","type":"post","link":"https:\/\/wp.ufpel.edu.br\/sad\/2017\/05\/30\/conferencias-do-i-sad\/","title":{"rendered":"Confer\u00eancias do I SAD"},"content":{"rendered":"<p>O I Simp\u00f3sio sobre An\u00e1lise de Discurso contar\u00e1 com tr\u00eas confer\u00eancias. Os t\u00edtulos das confer\u00eancias est\u00e3o abaixo listados:<\/p>\n<p>Confer\u00eancia de abertura, pela Profa. Dra. Aracy Gra\u00e7a Ernst (UCPEL):\u00a0&#8220;O cinismo na pol\u00edtica midi\u00e1tica: Um dos tantos casos da Globo News&#8221;.<\/p>\n<p>Confer\u00eancia de entremeio, pelo Prof. Dr. Pedro de Souza (UFSC): &#8220;O efeito de presen\u00e7a na e pela voz em document\u00e1rios sobre vida de cantores&#8221;<\/p>\n<p>Confer\u00eancia de encerramento, pela Profa. Dra. Maria Cristina Leandro Ferreira (UFRGS): &#8220;Os desafios de um analista de discurso:\u00a0<em>um processo sem in\u00edcio e nem fim<\/em>&#8220;<\/p>\n","protected":false},"excerpt":{"rendered":"<p>O I Simp\u00f3sio sobre An\u00e1lise de Discurso contar\u00e1 com tr\u00eas confer\u00eancias. Os t\u00edtulos das confer\u00eancias est\u00e3o abaixo listados: Confer\u00eancia de abertura, pela Profa. Dra. Aracy Gra\u00e7a Ernst (UCPEL):\u00a0&#8220;O cinismo na pol\u00edtica midi\u00e1tica: Um dos tantos casos da Globo News&#8221;. Confer\u00eancia de entremeio, pelo Prof. Dr. Pedro de Souza (UFSC): &#8220;O efeito de presen\u00e7a na e &hellip; <a href=\"https:\/\/wp.ufpel.edu.br\/sad\/2017\/05\/30\/conferencias-do-i-sad\/\" class=\"more-link\">Continuar lendo <span class=\"screen-reader-text\">Confer\u00eancias do I SAD<\/span><\/a><\/p>\n","protected":false},"author":719,"featured_media":0,"comment_status":"closed","ping_status":"closed","sticky":false,"template":"","format":"standard","meta":{"footnotes":""},"categories":[1],"tags":[],"class_list":["post-212","post","type-post","status-publish","format-standard","hentry","category-noticias"],"jetpack_featured_media_url":"","_links":{"self":[{"href":"https:\/\/wp.ufpel.edu.br\/sad\/wp-json\/wp\/v2\/posts\/212","targetHints":{"allow":["GET"]}}],"collection":[{"href":"https:\/\/wp.ufpel.edu.br\/sad\/wp-json\/wp\/v2\/posts"}],"about":[{"href":"https:\/\/wp.ufpel.edu.br\/sad\/wp-json\/wp\/v2\/types\/post"}],"author":[{"embeddable":true,"href":"https:\/\/wp.ufpel.edu.br\/sad\/wp-json\/wp\/v2\/users\/719"}],"replies":[{"embeddable":true,"href":"https:\/\/wp.ufpel.edu.br\/sad\/wp-json\/wp\/v2\/comments?post=212"}],"version-history":[{"count":2,"href":"https:\/\/wp.ufpel.edu.br\/sad\/wp-json\/wp\/v2\/posts\/212\/revisions"}],"predecessor-version":[{"id":219,"href":"https:\/\/wp.ufpel.edu.br\/sad\/wp-json\/wp\/v2\/posts\/212\/revisions\/219"}],"wp:attachment":[{"href":"https:\/\/wp.ufpel.edu.br\/sad\/wp-json\/wp\/v2\/media?parent=212"}],"wp:term":[{"taxonomy":"category","embeddable":true,"href":"https:\/\/wp.ufpel.edu.br\/sad\/wp-json\/wp\/v2\/categories?post=212"},{"taxonomy":"post_tag","embeddable":true,"href":"https:\/\/wp.ufpel.edu.br\/sad\/wp-json\/wp\/v2\/tags?post=212"}],"curies":[{"name":"wp","href":"https:\/\/api.w.org\/{rel}","templated":true}]}}