{"id":93,"date":"2022-06-28T16:41:06","date_gmt":"2022-06-28T19:41:06","guid":{"rendered":"https:\/\/wp.ufpel.edu.br\/rodrigocantu\/?p=93"},"modified":"2022-06-28T16:41:06","modified_gmt":"2022-06-28T19:41:06","slug":"artigo-na-revista-brasileira-de-sociologia","status":"publish","type":"post","link":"https:\/\/wp.ufpel.edu.br\/rodrigocantu\/2022\/06\/28\/artigo-na-revista-brasileira-de-sociologia\/","title":{"rendered":"Artigo na Revista Brasileira de Sociologia"},"content":{"rendered":"<p>Foi publicado no \u00faltimo n\u00famero da <em>Revista Brasileira de Sociologia<\/em> o artigo <em>Crises, ciclos de acumula\u00e7\u00e3o e fortalecimento fiscal dos estados na Am\u00e9rica do Sul (1914-1950)<\/em>. O artigo \u00e9 resultado de uma parce0ria de pesquisa entre Rodrigo Cantu, Kaline Hon\u00f3rio e Benjam\u00edn Cuevas, que se iniciou em um projeto de Inicia\u00e7\u00e3o Cient\u00edfica na UNILA em 2018. A pesquisa contou com o apoio do Conselho Nacional de Desenvolvimento Cient\u00edfico e Tecnol\u00f3gico \u2013 CNPq e da Funda\u00e7\u00e3o de Amparo \u00e0 Pesquisa do Estado do Rio Grande do Sul \u2013 FAPERGS. O artigo pode ser acessado no seguinte link: <a href=\"https:\/\/rbs.sbsociologia.com.br\/index.php\/rbs\/article\/view\/861\">https:\/\/rbs.sbsociologia.com.br\/index.php\/rbs\/article\/view\/861<\/a><\/p>\n<p><img class=\"alignnone size-medium wp-image-95\" src=\"https:\/\/wp.ufpel.edu.br\/rodrigocantu\/files\/2022\/06\/Print-400x368.jpg\" alt=\"\" width=\"400\" height=\"368\" srcset=\"https:\/\/wp.ufpel.edu.br\/rodrigocantu\/files\/2022\/06\/Print-400x368.jpg 400w, https:\/\/wp.ufpel.edu.br\/rodrigocantu\/files\/2022\/06\/Print-768x706.jpg 768w, https:\/\/wp.ufpel.edu.br\/rodrigocantu\/files\/2022\/06\/Print.jpg 856w\" sizes=\"(max-width: 400px) 100vw, 400px\" \/><\/p>\n","protected":false},"excerpt":{"rendered":"<p>Foi publicado no \u00faltimo n\u00famero da Revista Brasileira de Sociologia o artigo Crises, ciclos de acumula\u00e7\u00e3o e fortalecimento fiscal dos estados na Am\u00e9rica do Sul (1914-1950). O artigo \u00e9 resultado de uma parce0ria de pesquisa entre Rodrigo Cantu, Kaline Hon\u00f3rio e Benjam\u00edn Cuevas, que se iniciou em um projeto de Inicia\u00e7\u00e3o Cient\u00edfica na UNILA em [&hellip;]<\/p>\n","protected":false},"author":1216,"featured_media":0,"comment_status":"closed","ping_status":"closed","sticky":false,"template":"","format":"standard","meta":{"footnotes":""},"categories":[1],"tags":[],"class_list":["post-93","post","type-post","status-publish","format-standard","hentry","category-noticias"],"jetpack_featured_media_url":"","_links":{"self":[{"href":"https:\/\/wp.ufpel.edu.br\/rodrigocantu\/wp-json\/wp\/v2\/posts\/93","targetHints":{"allow":["GET"]}}],"collection":[{"href":"https:\/\/wp.ufpel.edu.br\/rodrigocantu\/wp-json\/wp\/v2\/posts"}],"about":[{"href":"https:\/\/wp.ufpel.edu.br\/rodrigocantu\/wp-json\/wp\/v2\/types\/post"}],"author":[{"embeddable":true,"href":"https:\/\/wp.ufpel.edu.br\/rodrigocantu\/wp-json\/wp\/v2\/users\/1216"}],"replies":[{"embeddable":true,"href":"https:\/\/wp.ufpel.edu.br\/rodrigocantu\/wp-json\/wp\/v2\/comments?post=93"}],"version-history":[{"count":1,"href":"https:\/\/wp.ufpel.edu.br\/rodrigocantu\/wp-json\/wp\/v2\/posts\/93\/revisions"}],"predecessor-version":[{"id":96,"href":"https:\/\/wp.ufpel.edu.br\/rodrigocantu\/wp-json\/wp\/v2\/posts\/93\/revisions\/96"}],"wp:attachment":[{"href":"https:\/\/wp.ufpel.edu.br\/rodrigocantu\/wp-json\/wp\/v2\/media?parent=93"}],"wp:term":[{"taxonomy":"category","embeddable":true,"href":"https:\/\/wp.ufpel.edu.br\/rodrigocantu\/wp-json\/wp\/v2\/categories?post=93"},{"taxonomy":"post_tag","embeddable":true,"href":"https:\/\/wp.ufpel.edu.br\/rodrigocantu\/wp-json\/wp\/v2\/tags?post=93"}],"curies":[{"name":"wp","href":"https:\/\/api.w.org\/{rel}","templated":true}]}}