{"id":5947,"date":"2026-04-23T10:25:35","date_gmt":"2026-04-23T13:25:35","guid":{"rendered":"https:\/\/wp.ufpel.edu.br\/ri\/?p=5947"},"modified":"2026-04-23T10:25:35","modified_gmt":"2026-04-23T13:25:35","slug":"convocacao-para-participacao-em-projeto-de-pesquisa","status":"publish","type":"post","link":"https:\/\/wp.ufpel.edu.br\/ri\/2026\/04\/23\/convocacao-para-participacao-em-projeto-de-pesquisa\/","title":{"rendered":"Convoca\u00e7\u00e3o para participa\u00e7\u00e3o em projeto de Pesquisa"},"content":{"rendered":"<p>Est\u00e3o abertas inscri\u00e7\u00f5es para participa\u00e7\u00e3o no projeto de pesquisa \u201cEm busca do Wallmapu: a politiza\u00e7\u00e3o da etnicidade pelos Mapuche no Chile e na Argentina\u201d, vinculado ao grupo de pesquisa \u201cObservat\u00f3rio de Movimentos \u00c9tnicos das Am\u00e9ricas\u201d, cadastrado e certificado pelo Diret\u00f3rio de Grupos de Pesquisa do CNPq, coordenado pelo Professor F\u00e1bio Amaro da Silveira Duval.<\/p>\n<p>&nbsp;<\/p>\n<p>Instru\u00e7\u00f5es para candidatura no pdf abaixo:<\/p>\n<p><a href=\"https:\/\/wp.ufpel.edu.br\/ri\/files\/2026\/04\/Convocacao-para-participacao-em-projeto-de-Pesquisa.pdf\">Convoca\u00e7\u00e3o para participa\u00e7\u00e3o em projeto de Pesquisa<\/a><\/p>\n","protected":false},"excerpt":{"rendered":"<p>Est\u00e3o abertas inscri\u00e7\u00f5es para participa\u00e7\u00e3o no projeto de pesquisa \u201cEm busca do Wallmapu: a politiza\u00e7\u00e3o da etnicidade pelos Mapuche no Chile e na Argentina\u201d, vinculado ao grupo de pesquisa \u201cObservat\u00f3rio de Movimentos \u00c9tnicos das Am\u00e9ricas\u201d, cadastrado e certificado pelo Diret\u00f3rio de Grupos de Pesquisa do CNPq, coordenado pelo Professor F\u00e1bio Amaro da Silveira Duval. &nbsp; [&hellip;]<\/p>\n","protected":false},"author":1390,"featured_media":0,"comment_status":"closed","ping_status":"closed","sticky":false,"template":"","format":"standard","meta":{"_jetpack_memberships_contains_paid_content":false,"footnotes":""},"categories":[43971],"tags":[],"class_list":["post-5947","post","type-post","status-publish","format-standard","hentry","category-comunicados"],"jetpack_featured_media_url":"","jetpack_sharing_enabled":true,"_links":{"self":[{"href":"https:\/\/wp.ufpel.edu.br\/ri\/wp-json\/wp\/v2\/posts\/5947","targetHints":{"allow":["GET"]}}],"collection":[{"href":"https:\/\/wp.ufpel.edu.br\/ri\/wp-json\/wp\/v2\/posts"}],"about":[{"href":"https:\/\/wp.ufpel.edu.br\/ri\/wp-json\/wp\/v2\/types\/post"}],"author":[{"embeddable":true,"href":"https:\/\/wp.ufpel.edu.br\/ri\/wp-json\/wp\/v2\/users\/1390"}],"replies":[{"embeddable":true,"href":"https:\/\/wp.ufpel.edu.br\/ri\/wp-json\/wp\/v2\/comments?post=5947"}],"version-history":[{"count":1,"href":"https:\/\/wp.ufpel.edu.br\/ri\/wp-json\/wp\/v2\/posts\/5947\/revisions"}],"predecessor-version":[{"id":5950,"href":"https:\/\/wp.ufpel.edu.br\/ri\/wp-json\/wp\/v2\/posts\/5947\/revisions\/5950"}],"wp:attachment":[{"href":"https:\/\/wp.ufpel.edu.br\/ri\/wp-json\/wp\/v2\/media?parent=5947"}],"wp:term":[{"taxonomy":"category","embeddable":true,"href":"https:\/\/wp.ufpel.edu.br\/ri\/wp-json\/wp\/v2\/categories?post=5947"},{"taxonomy":"post_tag","embeddable":true,"href":"https:\/\/wp.ufpel.edu.br\/ri\/wp-json\/wp\/v2\/tags?post=5947"}],"curies":[{"name":"wp","href":"https:\/\/api.w.org\/{rel}","templated":true}]}}