{"id":5448,"date":"2024-11-11T13:48:22","date_gmt":"2024-11-11T16:48:22","guid":{"rendered":"https:\/\/wp.ufpel.edu.br\/ri\/?p=5448"},"modified":"2024-11-11T13:48:22","modified_gmt":"2024-11-11T16:48:22","slug":"cafe-geopolitico-a-guerra-do-paraguai-160-anos-depois-novas-perspectivas","status":"publish","type":"post","link":"https:\/\/wp.ufpel.edu.br\/ri\/2024\/11\/11\/cafe-geopolitico-a-guerra-do-paraguai-160-anos-depois-novas-perspectivas\/","title":{"rendered":"Caf\u00e9 Geopol\u00edtico: A GUERRA DO PARAGUAI 160 ANOS DEPOIS: NOVAS PERSPECTIVAS"},"content":{"rendered":"<p>O Caf\u00e9 Geopol\u00edtico convida os discentes do curso de Rela\u00e7\u00f5es Internacionais da UFPel para nosso pr\u00f3ximo evento no dia 12 de novembro a partir das 17 horas na Livraria da UFPel, localizada na Rua Benjamin Constant, 1071. O tema desta edi\u00e7\u00e3o ser\u00e1 a &#8220;Guerra do Paraguai 160 anos depois: novas perspectivas&#8221;, sendo ministrada pelo Prof. Dr. Daniel Coronato docente da Universidade Federal do Rio Grande (FURG). As inscri\u00e7\u00f5es podem ser feitas atrav\u00e9s do link:\u00a0<a href=\"https:\/\/abrir.link\/prBGM\" target=\"_blank\" rel=\"noopener noreferrer\">https:\/\/abrir.link\/prBGM<\/a>. Contamos com a presen\u00e7a de todos!<\/p>\n<p><a href=\"https:\/\/wp.ufpel.edu.br\/ri\/files\/2024\/11\/Card-1.jpg\"><img class=\"alignnone size-medium wp-image-5450\" src=\"https:\/\/wp.ufpel.edu.br\/ri\/files\/2024\/11\/Card-1-400x400.jpg\" alt=\"\" width=\"400\" height=\"400\" srcset=\"https:\/\/wp.ufpel.edu.br\/ri\/files\/2024\/11\/Card-1-400x400.jpg 400w, https:\/\/wp.ufpel.edu.br\/ri\/files\/2024\/11\/Card-1-1024x1024.jpg 1024w, https:\/\/wp.ufpel.edu.br\/ri\/files\/2024\/11\/Card-1-200x200.jpg 200w, https:\/\/wp.ufpel.edu.br\/ri\/files\/2024\/11\/Card-1-768x768.jpg 768w, https:\/\/wp.ufpel.edu.br\/ri\/files\/2024\/11\/Card-1.jpg 1080w\" sizes=\"(max-width: 400px) 100vw, 400px\" \/><\/a> <a href=\"https:\/\/wp.ufpel.edu.br\/ri\/files\/2024\/11\/Card-2.jpg\"><img class=\"alignnone size-medium wp-image-5451\" src=\"https:\/\/wp.ufpel.edu.br\/ri\/files\/2024\/11\/Card-2-400x400.jpg\" alt=\"\" width=\"400\" height=\"400\" srcset=\"https:\/\/wp.ufpel.edu.br\/ri\/files\/2024\/11\/Card-2-400x400.jpg 400w, https:\/\/wp.ufpel.edu.br\/ri\/files\/2024\/11\/Card-2-1024x1024.jpg 1024w, https:\/\/wp.ufpel.edu.br\/ri\/files\/2024\/11\/Card-2-200x200.jpg 200w, https:\/\/wp.ufpel.edu.br\/ri\/files\/2024\/11\/Card-2-768x768.jpg 768w, https:\/\/wp.ufpel.edu.br\/ri\/files\/2024\/11\/Card-2.jpg 1080w\" sizes=\"(max-width: 400px) 100vw, 400px\" \/><\/a><\/p>\n","protected":false},"excerpt":{"rendered":"<p>O Caf\u00e9 Geopol\u00edtico convida os discentes do curso de Rela\u00e7\u00f5es Internacionais da UFPel para nosso pr\u00f3ximo evento no dia 12 de novembro a partir das 17 horas na Livraria da UFPel, localizada na Rua Benjamin Constant, 1071. O tema desta edi\u00e7\u00e3o ser\u00e1 a &#8220;Guerra do Paraguai 160 anos depois: novas perspectivas&#8221;, sendo ministrada pelo Prof. [&hellip;]<\/p>\n","protected":false},"author":1390,"featured_media":0,"comment_status":"closed","ping_status":"closed","sticky":false,"template":"","format":"standard","meta":{"_jetpack_memberships_contains_paid_content":false,"footnotes":""},"categories":[43971],"tags":[],"class_list":["post-5448","post","type-post","status-publish","format-standard","hentry","category-comunicados"],"jetpack_featured_media_url":"","jetpack_sharing_enabled":true,"_links":{"self":[{"href":"https:\/\/wp.ufpel.edu.br\/ri\/wp-json\/wp\/v2\/posts\/5448","targetHints":{"allow":["GET"]}}],"collection":[{"href":"https:\/\/wp.ufpel.edu.br\/ri\/wp-json\/wp\/v2\/posts"}],"about":[{"href":"https:\/\/wp.ufpel.edu.br\/ri\/wp-json\/wp\/v2\/types\/post"}],"author":[{"embeddable":true,"href":"https:\/\/wp.ufpel.edu.br\/ri\/wp-json\/wp\/v2\/users\/1390"}],"replies":[{"embeddable":true,"href":"https:\/\/wp.ufpel.edu.br\/ri\/wp-json\/wp\/v2\/comments?post=5448"}],"version-history":[{"count":1,"href":"https:\/\/wp.ufpel.edu.br\/ri\/wp-json\/wp\/v2\/posts\/5448\/revisions"}],"predecessor-version":[{"id":5452,"href":"https:\/\/wp.ufpel.edu.br\/ri\/wp-json\/wp\/v2\/posts\/5448\/revisions\/5452"}],"wp:attachment":[{"href":"https:\/\/wp.ufpel.edu.br\/ri\/wp-json\/wp\/v2\/media?parent=5448"}],"wp:term":[{"taxonomy":"category","embeddable":true,"href":"https:\/\/wp.ufpel.edu.br\/ri\/wp-json\/wp\/v2\/categories?post=5448"},{"taxonomy":"post_tag","embeddable":true,"href":"https:\/\/wp.ufpel.edu.br\/ri\/wp-json\/wp\/v2\/tags?post=5448"}],"curies":[{"name":"wp","href":"https:\/\/api.w.org\/{rel}","templated":true}]}}