{"id":5441,"date":"2024-11-08T18:14:09","date_gmt":"2024-11-08T21:14:09","guid":{"rendered":"https:\/\/wp.ufpel.edu.br\/ri\/?p=5441"},"modified":"2024-11-08T18:14:09","modified_gmt":"2024-11-08T21:14:09","slug":"horarios-e-salas-2024-2","status":"publish","type":"post","link":"https:\/\/wp.ufpel.edu.br\/ri\/2024\/11\/08\/horarios-e-salas-2024-2\/","title":{"rendered":"Hor\u00e1rios e salas 2024-2"},"content":{"rendered":"<p><a href=\"https:\/\/wp.ufpel.edu.br\/ri\/files\/2024\/11\/Horarios-e-Salas-Graduacao-IFISP-2024_2-Relacoes-Internacionais_pages-to-jpg-0001.jpg\"><img class=\"alignnone size-medium wp-image-5444\" src=\"https:\/\/wp.ufpel.edu.br\/ri\/files\/2024\/11\/Horarios-e-Salas-Graduacao-IFISP-2024_2-Relacoes-Internacionais_pages-to-jpg-0001-400x283.jpg\" alt=\"\" width=\"400\" height=\"283\" srcset=\"https:\/\/wp.ufpel.edu.br\/ri\/files\/2024\/11\/Horarios-e-Salas-Graduacao-IFISP-2024_2-Relacoes-Internacionais_pages-to-jpg-0001-400x283.jpg 400w, https:\/\/wp.ufpel.edu.br\/ri\/files\/2024\/11\/Horarios-e-Salas-Graduacao-IFISP-2024_2-Relacoes-Internacionais_pages-to-jpg-0001-1024x724.jpg 1024w, https:\/\/wp.ufpel.edu.br\/ri\/files\/2024\/11\/Horarios-e-Salas-Graduacao-IFISP-2024_2-Relacoes-Internacionais_pages-to-jpg-0001-768x543.jpg 768w, https:\/\/wp.ufpel.edu.br\/ri\/files\/2024\/11\/Horarios-e-Salas-Graduacao-IFISP-2024_2-Relacoes-Internacionais_pages-to-jpg-0001-1536x1086.jpg 1536w, https:\/\/wp.ufpel.edu.br\/ri\/files\/2024\/11\/Horarios-e-Salas-Graduacao-IFISP-2024_2-Relacoes-Internacionais_pages-to-jpg-0001.jpg 1756w\" sizes=\"(max-width: 400px) 100vw, 400px\" \/><\/a><\/p>\n<p><a href=\"https:\/\/wp.ufpel.edu.br\/ri\/files\/2024\/11\/Horarios-e-Salas-Graduacao-IFISP-2024_2-Relacoes-Internacionais_pages-to-jpg-0002.jpg\"><img class=\"alignnone size-medium wp-image-5445\" src=\"https:\/\/wp.ufpel.edu.br\/ri\/files\/2024\/11\/Horarios-e-Salas-Graduacao-IFISP-2024_2-Relacoes-Internacionais_pages-to-jpg-0002-400x283.jpg\" alt=\"\" width=\"400\" height=\"283\" srcset=\"https:\/\/wp.ufpel.edu.br\/ri\/files\/2024\/11\/Horarios-e-Salas-Graduacao-IFISP-2024_2-Relacoes-Internacionais_pages-to-jpg-0002-400x283.jpg 400w, https:\/\/wp.ufpel.edu.br\/ri\/files\/2024\/11\/Horarios-e-Salas-Graduacao-IFISP-2024_2-Relacoes-Internacionais_pages-to-jpg-0002-1024x724.jpg 1024w, https:\/\/wp.ufpel.edu.br\/ri\/files\/2024\/11\/Horarios-e-Salas-Graduacao-IFISP-2024_2-Relacoes-Internacionais_pages-to-jpg-0002-768x543.jpg 768w, https:\/\/wp.ufpel.edu.br\/ri\/files\/2024\/11\/Horarios-e-Salas-Graduacao-IFISP-2024_2-Relacoes-Internacionais_pages-to-jpg-0002-1536x1086.jpg 1536w, https:\/\/wp.ufpel.edu.br\/ri\/files\/2024\/11\/Horarios-e-Salas-Graduacao-IFISP-2024_2-Relacoes-Internacionais_pages-to-jpg-0002.jpg 1756w\" sizes=\"(max-width: 400px) 100vw, 400px\" \/><\/a><\/p>\n<p>&nbsp;<\/p>\n<p><a href=\"https:\/\/wp.ufpel.edu.br\/ri\/files\/2024\/11\/Horarios-e-Salas-Graduacao-IFISP-2024_2-Relacoes-Internacionais.pdf\">Hor\u00e1rios e Salas Gradua\u00e7\u00e3o IFISP 2024_2 Rela\u00e7\u00f5es Internacionais<\/a><\/p>\n","protected":false},"excerpt":{"rendered":"<p>&nbsp; Hor\u00e1rios e Salas Gradua\u00e7\u00e3o IFISP 2024_2 Rela\u00e7\u00f5es Internacionais<\/p>\n","protected":false},"author":1390,"featured_media":0,"comment_status":"closed","ping_status":"closed","sticky":false,"template":"","format":"standard","meta":{"_jetpack_memberships_contains_paid_content":false,"footnotes":""},"categories":[43971],"tags":[],"class_list":["post-5441","post","type-post","status-publish","format-standard","hentry","category-comunicados"],"jetpack_featured_media_url":"","jetpack_sharing_enabled":true,"_links":{"self":[{"href":"https:\/\/wp.ufpel.edu.br\/ri\/wp-json\/wp\/v2\/posts\/5441","targetHints":{"allow":["GET"]}}],"collection":[{"href":"https:\/\/wp.ufpel.edu.br\/ri\/wp-json\/wp\/v2\/posts"}],"about":[{"href":"https:\/\/wp.ufpel.edu.br\/ri\/wp-json\/wp\/v2\/types\/post"}],"author":[{"embeddable":true,"href":"https:\/\/wp.ufpel.edu.br\/ri\/wp-json\/wp\/v2\/users\/1390"}],"replies":[{"embeddable":true,"href":"https:\/\/wp.ufpel.edu.br\/ri\/wp-json\/wp\/v2\/comments?post=5441"}],"version-history":[{"count":1,"href":"https:\/\/wp.ufpel.edu.br\/ri\/wp-json\/wp\/v2\/posts\/5441\/revisions"}],"predecessor-version":[{"id":5446,"href":"https:\/\/wp.ufpel.edu.br\/ri\/wp-json\/wp\/v2\/posts\/5441\/revisions\/5446"}],"wp:attachment":[{"href":"https:\/\/wp.ufpel.edu.br\/ri\/wp-json\/wp\/v2\/media?parent=5441"}],"wp:term":[{"taxonomy":"category","embeddable":true,"href":"https:\/\/wp.ufpel.edu.br\/ri\/wp-json\/wp\/v2\/categories?post=5441"},{"taxonomy":"post_tag","embeddable":true,"href":"https:\/\/wp.ufpel.edu.br\/ri\/wp-json\/wp\/v2\/tags?post=5441"}],"curies":[{"name":"wp","href":"https:\/\/api.w.org\/{rel}","templated":true}]}}