{"id":5019,"date":"2023-12-12T09:02:23","date_gmt":"2023-12-12T12:02:23","guid":{"rendered":"https:\/\/wp.ufpel.edu.br\/ri\/?p=5019"},"modified":"2023-12-12T09:03:46","modified_gmt":"2023-12-12T12:03:46","slug":"o-curso-de-ri-presente-na-9a-siiepe-ufpel","status":"publish","type":"post","link":"https:\/\/wp.ufpel.edu.br\/ri\/2023\/12\/12\/o-curso-de-ri-presente-na-9a-siiepe-ufpel\/","title":{"rendered":"O Curso de RI presente na 9\u00aa SIIEPE \u2013 UFPel"},"content":{"rendered":"<p>Entre os dias 20 e 24 de novembro, o curso de Bacharelado em Rela\u00e7\u00f5es Internacionais esteve representado nos diferentes eventos da 9\u00aa Semana Integrada de Inova\u00e7\u00e3o, Ensino, Pesquisa e Extens\u00e3o (SIIEPE).<\/p>\n<p>A SIIEPE \u00e9 o maior evento acad\u00eamico da UFPel e a edi\u00e7\u00e3o deste ano registrou recorde de participantes e de trabalhos acad\u00eamicos inscritos. Alunos do Curso de Rela\u00e7\u00f5es Internacionais desenvolveram e apresentaram oralmente 05 trabalhos no Congresso de Ensino de Gradua\u00e7\u00e3o (CEG), 04 trabalhos no Congresso de Extens\u00e3o e Cultura (CEC) e 15 trabalhos no Congresso de Inicia\u00e7\u00e3o Cient\u00edfica.<\/p>\n<p>Parabenizamos os(as) autores(as), co-autores(as), apresentadores(as) e Professores(as) Orientadores(as) pela ades\u00e3o ao evento.<\/p>\n<p>Em breve, os resumos expandidos dos trabalhos acad\u00eamicos estar\u00e3o publicados nos anais dos respectivos eventos, na p\u00e1gina\u00a0<span style=\"color: #0000ff;\"><a style=\"color: #0000ff;\" href=\"https:\/\/wp.ufpel.edu.br\/siiepe\/\" target=\"_blank\" rel=\"noopener noreferrer\">https:\/\/wp.ufpel.edu.br\/siiepe\/<\/a><\/span>\u00a0.<\/p>\n<p>&nbsp;<\/p>\n","protected":false},"excerpt":{"rendered":"<p>Entre os dias 20 e 24 de novembro, o curso de Bacharelado em Rela\u00e7\u00f5es Internacionais esteve representado nos diferentes eventos da 9\u00aa Semana Integrada de Inova\u00e7\u00e3o, Ensino, Pesquisa e Extens\u00e3o (SIIEPE). A SIIEPE \u00e9 o maior evento acad\u00eamico da UFPel e a edi\u00e7\u00e3o deste ano registrou recorde de participantes e de trabalhos acad\u00eamicos inscritos. Alunos [&hellip;]<\/p>\n","protected":false},"author":194,"featured_media":0,"comment_status":"closed","ping_status":"closed","sticky":false,"template":"","format":"standard","meta":{"_jetpack_memberships_contains_paid_content":false,"footnotes":""},"categories":[43985],"tags":[],"class_list":["post-5019","post","type-post","status-publish","format-standard","hentry","category-divulgacao-de-noticias"],"jetpack_featured_media_url":"","jetpack_sharing_enabled":true,"_links":{"self":[{"href":"https:\/\/wp.ufpel.edu.br\/ri\/wp-json\/wp\/v2\/posts\/5019","targetHints":{"allow":["GET"]}}],"collection":[{"href":"https:\/\/wp.ufpel.edu.br\/ri\/wp-json\/wp\/v2\/posts"}],"about":[{"href":"https:\/\/wp.ufpel.edu.br\/ri\/wp-json\/wp\/v2\/types\/post"}],"author":[{"embeddable":true,"href":"https:\/\/wp.ufpel.edu.br\/ri\/wp-json\/wp\/v2\/users\/194"}],"replies":[{"embeddable":true,"href":"https:\/\/wp.ufpel.edu.br\/ri\/wp-json\/wp\/v2\/comments?post=5019"}],"version-history":[{"count":2,"href":"https:\/\/wp.ufpel.edu.br\/ri\/wp-json\/wp\/v2\/posts\/5019\/revisions"}],"predecessor-version":[{"id":5022,"href":"https:\/\/wp.ufpel.edu.br\/ri\/wp-json\/wp\/v2\/posts\/5019\/revisions\/5022"}],"wp:attachment":[{"href":"https:\/\/wp.ufpel.edu.br\/ri\/wp-json\/wp\/v2\/media?parent=5019"}],"wp:term":[{"taxonomy":"category","embeddable":true,"href":"https:\/\/wp.ufpel.edu.br\/ri\/wp-json\/wp\/v2\/categories?post=5019"},{"taxonomy":"post_tag","embeddable":true,"href":"https:\/\/wp.ufpel.edu.br\/ri\/wp-json\/wp\/v2\/tags?post=5019"}],"curies":[{"name":"wp","href":"https:\/\/api.w.org\/{rel}","templated":true}]}}