{"id":3216,"date":"2021-09-14T18:44:50","date_gmt":"2021-09-14T21:44:50","guid":{"rendered":"https:\/\/wp.ufpel.edu.br\/ri\/?p=3216"},"modified":"2021-09-14T18:44:50","modified_gmt":"2021-09-14T21:44:50","slug":"ii-seminario-discente-de-ciencia-politica-sdcp","status":"publish","type":"post","link":"https:\/\/wp.ufpel.edu.br\/ri\/2021\/09\/14\/ii-seminario-discente-de-ciencia-politica-sdcp\/","title":{"rendered":"II Semin\u00e1rio Discente de Ci\u00eancia Pol\u00edtica (SDCP)"},"content":{"rendered":"<p>O II Semin\u00e1rio Discente de Ci\u00eancia Pol\u00edtica (SDCP), organizado por alunos do Programa de P\u00f3s-Gradua\u00e7\u00e3o em Ci\u00eancia Pol\u00edtica (PPGCP) da Universidade Federal do Paran\u00e1 (UFPR), est\u00e1 com inscri\u00e7\u00f5es abertas para ouvintes e para interessados em participar de suas oficinas. O evento \u00e9 guiado pelo tema &#8220;Desigualdade e Ci\u00eancia Pol\u00edtica&#8221; e j\u00e1 disponibiliza sua programa\u00e7\u00e3o no site:\u00a0<span style=\"color: #0000ff\"><a style=\"color: #0000ff\" href=\"http:\/\/sdcpufpr.wixsite.com\/seminariodiscentecp\" target=\"_blank\" rel=\"noopener noreferrer\">sdcpufpr.wixsite.com\/seminariodiscentecp<\/a><\/span><\/p>\n<p>Neste ano, ser\u00e3o oferecidos tr\u00eas minicursos:<\/p>\n<p>O m\u00e9todo prosopogr\u00e1fico nos estudos de elites pol\u00edticas e sociais: conceitos e novas aplica\u00e7\u00f5es t\u00e9cnicas<br \/>\nDia 21\/09, das 13h \u00e0s 17h<\/p>\n<p>An\u00e1lise de conte\u00fado e cientometria: introdu\u00e7\u00e3o do VosViewer e ATLAS.ti<br \/>\nDia 21\/09, das 9h30 \u00e0s 17h<\/p>\n<p>Minicurso de monitoramento legislativo<br \/>\nDia 21\/09, das 9h30 \u00e0s 13h<\/p>\n<p>As inscri\u00e7\u00f5es s\u00e3o gratuitas e podem ser feitas pelo link:\u00a0<span style=\"color: #0000ff\"><a style=\"color: #0000ff\" href=\"http:\/\/www.even3.com.br\/iisdcp2021\/\" target=\"_blank\" rel=\"noopener noreferrer\">www.even3.com.br\/iisdcp2021\/<\/a><\/span><\/p>\n","protected":false},"excerpt":{"rendered":"<p>O II Semin\u00e1rio Discente de Ci\u00eancia Pol\u00edtica (SDCP), organizado por alunos do Programa de P\u00f3s-Gradua\u00e7\u00e3o em Ci\u00eancia Pol\u00edtica (PPGCP) da Universidade Federal do Paran\u00e1 (UFPR), est\u00e1 com inscri\u00e7\u00f5es abertas para ouvintes e para interessados em participar de suas oficinas. O evento \u00e9 guiado pelo tema &#8220;Desigualdade e Ci\u00eancia Pol\u00edtica&#8221; e j\u00e1 disponibiliza sua programa\u00e7\u00e3o no [&hellip;]<\/p>\n","protected":false},"author":194,"featured_media":0,"comment_status":"closed","ping_status":"closed","sticky":false,"template":"","format":"standard","meta":{"_jetpack_memberships_contains_paid_content":false,"footnotes":""},"categories":[43977],"tags":[],"class_list":["post-3216","post","type-post","status-publish","format-standard","hentry","category-eventos-2"],"jetpack_featured_media_url":"","jetpack_sharing_enabled":true,"_links":{"self":[{"href":"https:\/\/wp.ufpel.edu.br\/ri\/wp-json\/wp\/v2\/posts\/3216","targetHints":{"allow":["GET"]}}],"collection":[{"href":"https:\/\/wp.ufpel.edu.br\/ri\/wp-json\/wp\/v2\/posts"}],"about":[{"href":"https:\/\/wp.ufpel.edu.br\/ri\/wp-json\/wp\/v2\/types\/post"}],"author":[{"embeddable":true,"href":"https:\/\/wp.ufpel.edu.br\/ri\/wp-json\/wp\/v2\/users\/194"}],"replies":[{"embeddable":true,"href":"https:\/\/wp.ufpel.edu.br\/ri\/wp-json\/wp\/v2\/comments?post=3216"}],"version-history":[{"count":2,"href":"https:\/\/wp.ufpel.edu.br\/ri\/wp-json\/wp\/v2\/posts\/3216\/revisions"}],"predecessor-version":[{"id":3219,"href":"https:\/\/wp.ufpel.edu.br\/ri\/wp-json\/wp\/v2\/posts\/3216\/revisions\/3219"}],"wp:attachment":[{"href":"https:\/\/wp.ufpel.edu.br\/ri\/wp-json\/wp\/v2\/media?parent=3216"}],"wp:term":[{"taxonomy":"category","embeddable":true,"href":"https:\/\/wp.ufpel.edu.br\/ri\/wp-json\/wp\/v2\/categories?post=3216"},{"taxonomy":"post_tag","embeddable":true,"href":"https:\/\/wp.ufpel.edu.br\/ri\/wp-json\/wp\/v2\/tags?post=3216"}],"curies":[{"name":"wp","href":"https:\/\/api.w.org\/{rel}","templated":true}]}}