{"id":2035,"date":"2020-09-18T15:44:51","date_gmt":"2020-09-18T18:44:51","guid":{"rendered":"https:\/\/wp.ufpel.edu.br\/ri\/?p=2035"},"modified":"2020-09-18T15:45:53","modified_gmt":"2020-09-18T18:45:53","slug":"live-do-pelotas-mun-22-09-direitos-humanos-na-organizacao-das-nacoes-unidas","status":"publish","type":"post","link":"https:\/\/wp.ufpel.edu.br\/ri\/2020\/09\/18\/live-do-pelotas-mun-22-09-direitos-humanos-na-organizacao-das-nacoes-unidas\/","title":{"rendered":"Live do Pelotas MUN (22\/09) &#8211; &#8220;Direitos Humanos na Organiza\u00e7\u00e3o das Na\u00e7\u00f5es Unidas&#8221;"},"content":{"rendered":"<p>O Projeto de Extens\u00e3o Pelotas Model United Nations, promove a videoconfer\u00eancia &#8220;Direitos Humanos na Organiza\u00e7\u00e3o das Na\u00e7\u00f5es Unidas&#8221; com a Profa. Dra. Marianna Albuquerque, que ser\u00e1 realizada no dia 22\/09\/2020 \u00e0s 20hs.<\/p>\n<p>A Professora Doutora Marianna Restum Antonio de Albuquerque \u00e9 Doutora em Ci\u00eancia Pol\u00edtica pelo Instituto de Estudos Sociais e Pol\u00edticos (Iesp -Uerj). Mestre em Ci\u00eancia Pol\u00edtica pelo Instituto de Estudos Sociais e Pol\u00edticos (Iesp-Uer)j. Possui gradua\u00e7\u00e3o em Ci\u00eancia Pol\u00edtica pela Universidade Federal do Estado do Rio de Janeiro (2013) e gradua\u00e7\u00e3o em Rela\u00e7\u00f5es Internacionais pela Universidade Federal do Rio de Janeiro (2013). Em 2019, trabalhou no think tank Centro Brasil no Clima (CBC) . \u00c9 pesquisadora e coordenadora do Observat\u00f3rio Pol\u00edtico Sul-Americano (OPSA) desde 2014. Foi professora substituta do Instituto de Estudos Estrat\u00e9gicos (INEST-UFF) entre 2017 e 2019. Tem experi\u00eancia na \u00e1rea de Ci\u00eancia Pol\u00edtica, com \u00eanfase em Pol\u00edtica Internacional, atuando principalmente nos estudos sobre Organiza\u00e7\u00f5es Internacionais.<\/p>\n<p>O evento fornecer\u00e1 certificado de 2 (duas) horas e ser\u00e1 transmitido pelo canal do Youtube do projeto Pelotas MUN:\u00a0<a href=\"https:\/\/bit.ly\/3hFQ0rD\" target=\"_blank\" rel=\"noopener noreferrer\">https:\/\/bit.ly\/3hFQ0rD<\/a><\/p>\n<p>Para receber o certificado \u00e9 necess\u00e1ria inscri\u00e7\u00e3o pr\u00e9via atrav\u00e9s do Eventbrite:\u00a0<a href=\"https:\/\/bit.ly\/2FRlo96\" target=\"_blank\" rel=\"noopener noreferrer\">https:\/\/bit.ly\/2FRlo96<\/a><\/p>\n<p>&nbsp;<\/p>\n<div><a href=\"https:\/\/wp.ufpel.edu.br\/ri\/files\/2020\/09\/LIVE-22.09.jpg\"><img class=\"alignnone size-medium wp-image-2037\" src=\"https:\/\/wp.ufpel.edu.br\/ri\/files\/2020\/09\/LIVE-22.09-400x400.jpg\" alt=\"\" width=\"400\" height=\"400\" \/><\/a><\/div>\n<div><\/div>\n","protected":false},"excerpt":{"rendered":"<p>O Projeto de Extens\u00e3o Pelotas Model United Nations, promove a videoconfer\u00eancia &#8220;Direitos Humanos na Organiza\u00e7\u00e3o das Na\u00e7\u00f5es Unidas&#8221; com a Profa. Dra. Marianna Albuquerque, que ser\u00e1 realizada no dia 22\/09\/2020 \u00e0s 20hs. A Professora Doutora Marianna Restum Antonio de Albuquerque \u00e9 Doutora em Ci\u00eancia Pol\u00edtica pelo Instituto de Estudos Sociais e Pol\u00edticos (Iesp -Uerj). Mestre [&hellip;]<\/p>\n","protected":false},"author":194,"featured_media":0,"comment_status":"closed","ping_status":"closed","sticky":false,"template":"","format":"standard","meta":{"_jetpack_memberships_contains_paid_content":false,"footnotes":""},"categories":[43977],"tags":[],"class_list":["post-2035","post","type-post","status-publish","format-standard","hentry","category-eventos-2"],"jetpack_featured_media_url":"","jetpack_sharing_enabled":true,"_links":{"self":[{"href":"https:\/\/wp.ufpel.edu.br\/ri\/wp-json\/wp\/v2\/posts\/2035","targetHints":{"allow":["GET"]}}],"collection":[{"href":"https:\/\/wp.ufpel.edu.br\/ri\/wp-json\/wp\/v2\/posts"}],"about":[{"href":"https:\/\/wp.ufpel.edu.br\/ri\/wp-json\/wp\/v2\/types\/post"}],"author":[{"embeddable":true,"href":"https:\/\/wp.ufpel.edu.br\/ri\/wp-json\/wp\/v2\/users\/194"}],"replies":[{"embeddable":true,"href":"https:\/\/wp.ufpel.edu.br\/ri\/wp-json\/wp\/v2\/comments?post=2035"}],"version-history":[{"count":2,"href":"https:\/\/wp.ufpel.edu.br\/ri\/wp-json\/wp\/v2\/posts\/2035\/revisions"}],"predecessor-version":[{"id":2039,"href":"https:\/\/wp.ufpel.edu.br\/ri\/wp-json\/wp\/v2\/posts\/2035\/revisions\/2039"}],"wp:attachment":[{"href":"https:\/\/wp.ufpel.edu.br\/ri\/wp-json\/wp\/v2\/media?parent=2035"}],"wp:term":[{"taxonomy":"category","embeddable":true,"href":"https:\/\/wp.ufpel.edu.br\/ri\/wp-json\/wp\/v2\/categories?post=2035"},{"taxonomy":"post_tag","embeddable":true,"href":"https:\/\/wp.ufpel.edu.br\/ri\/wp-json\/wp\/v2\/tags?post=2035"}],"curies":[{"name":"wp","href":"https:\/\/api.w.org\/{rel}","templated":true}]}}