{"id":1851,"date":"2020-08-25T15:09:24","date_gmt":"2020-08-25T18:09:24","guid":{"rendered":"https:\/\/wp.ufpel.edu.br\/ri\/?p=1851"},"modified":"2020-08-25T15:11:33","modified_gmt":"2020-08-25T18:11:33","slug":"para-alem-das-fronteiras-videoconferencias-em-ri-25-08-o-nexo-agua-energia-na-politica-ambiental-global","status":"publish","type":"post","link":"https:\/\/wp.ufpel.edu.br\/ri\/2020\/08\/25\/para-alem-das-fronteiras-videoconferencias-em-ri-25-08-o-nexo-agua-energia-na-politica-ambiental-global\/","title":{"rendered":"&#8220;Para al\u00e9m das Fronteiras: videoconfer\u00eancias em RI (25\/08)&#8221; &#8211; O nexo \u00e1gua-energia na pol\u00edtica ambiental global"},"content":{"rendered":"<p>Quarta-feira (26\/08) as\u00a0<strong>17h00<\/strong>\u00a0via\u00a0<strong><a href=\"https:\/\/www.youtube.com\/channel\/UCfYIpsvmuYZMaUF2kp7RX2g\/featured?disable_polymer=1\" target=\"_blank\" rel=\"noopener noreferrer\">Youtube<\/a><\/strong>\u00a0a professora Dra Fernanda Sant`Anna participar\u00e1 do projeto de ensino \u201cPara al\u00e9m das Fronteiras: videoconfer\u00eancias em RI\u201d com a palestra\u00a0<strong>\u201c<\/strong><strong>O nexo \u00e1gua-energia na pol\u00edtica ambiental global<\/strong><strong>\u201d<\/strong>. A palestra integra o bloco tem\u00e1tico \u201cDebates Contempor\u00e2neos em RI\u201d, \u00e9 fruto da parceria com o\u00a0<a href=\"https:\/\/www.santiagodantas-ppgri.org\/\" target=\"_blank\" rel=\"noopener noreferrer\">PPGRI STD<\/a>\u00a0e se insere nas atividades do curso de Rela\u00e7\u00f5es Internacionais no contexto do Calend\u00e1rio Alternativo de 2020\/1.<\/p>\n<p>Inscri\u00e7\u00e3o e material de apoio no site:<br \/>\n<a href=\"https:\/\/wp.ufpel.edu.br\/epdi\/videoconferencia-com-a-profa-dra-fernanda-santanna-26-08\/\" target=\"_blank\" rel=\"noopener noreferrer\">https:\/\/wp.ufpel.edu.br\/epdi\/videoconferencia-com-a-profa-dra-fernanda-santanna-26-08\/<\/a><\/p>\n<p>A professora Fernanda Sant`Anna \u00e9 doutora em Geografia Humana pela Universidade de S\u00e3o Paulo (USP),\u00a0professora do Departamento de Rela\u00e7\u00f5es Internacionais da Universidade Estadual Paulista (UNESP), \u00a0do Programa de P\u00f3s-gradua\u00e7\u00e3o em Rela\u00e7\u00f5es Internacionais San Tiago Dantas (UNESP, UNICAMP, PUC-SP) e do Programa de Planejamento e An\u00e1lise de Pol\u00edticas P\u00fablicas da UNESP.<\/p>\n<p><a href=\"https:\/\/wp.ufpel.edu.br\/ri\/files\/2020\/08\/Para-alem-das-fronteiras-26-08.jpeg\"><img class=\"alignnone wp-image-1853 size-medium\" src=\"https:\/\/wp.ufpel.edu.br\/ri\/files\/2020\/08\/Para-alem-das-fronteiras-26-08-400x300.jpeg\" alt=\"\" width=\"400\" height=\"300\" srcset=\"https:\/\/wp.ufpel.edu.br\/ri\/files\/2020\/08\/Para-alem-das-fronteiras-26-08-400x300.jpeg 400w, https:\/\/wp.ufpel.edu.br\/ri\/files\/2020\/08\/Para-alem-das-fronteiras-26-08-768x576.jpeg 768w, https:\/\/wp.ufpel.edu.br\/ri\/files\/2020\/08\/Para-alem-das-fronteiras-26-08.jpeg 1024w\" sizes=\"(max-width: 400px) 100vw, 400px\" \/><\/a><\/p>\n","protected":false},"excerpt":{"rendered":"<p>Quarta-feira (26\/08) as\u00a017h00\u00a0via\u00a0Youtube\u00a0a professora Dra Fernanda Sant`Anna participar\u00e1 do projeto de ensino \u201cPara al\u00e9m das Fronteiras: videoconfer\u00eancias em RI\u201d com a palestra\u00a0\u201cO nexo \u00e1gua-energia na pol\u00edtica ambiental global\u201d. A palestra integra o bloco tem\u00e1tico \u201cDebates Contempor\u00e2neos em RI\u201d, \u00e9 fruto da parceria com o\u00a0PPGRI STD\u00a0e se insere nas atividades do curso de Rela\u00e7\u00f5es Internacionais no [&hellip;]<\/p>\n","protected":false},"author":194,"featured_media":1853,"comment_status":"closed","ping_status":"closed","sticky":false,"template":"","format":"standard","meta":{"_jetpack_memberships_contains_paid_content":false,"footnotes":""},"categories":[9259],"tags":[],"class_list":["post-1851","post","type-post","status-publish","format-standard","has-post-thumbnail","hentry","category-eventos"],"jetpack_featured_media_url":"https:\/\/wp.ufpel.edu.br\/ri\/files\/2020\/08\/Para-alem-das-fronteiras-26-08.jpeg","jetpack_sharing_enabled":true,"_links":{"self":[{"href":"https:\/\/wp.ufpel.edu.br\/ri\/wp-json\/wp\/v2\/posts\/1851","targetHints":{"allow":["GET"]}}],"collection":[{"href":"https:\/\/wp.ufpel.edu.br\/ri\/wp-json\/wp\/v2\/posts"}],"about":[{"href":"https:\/\/wp.ufpel.edu.br\/ri\/wp-json\/wp\/v2\/types\/post"}],"author":[{"embeddable":true,"href":"https:\/\/wp.ufpel.edu.br\/ri\/wp-json\/wp\/v2\/users\/194"}],"replies":[{"embeddable":true,"href":"https:\/\/wp.ufpel.edu.br\/ri\/wp-json\/wp\/v2\/comments?post=1851"}],"version-history":[{"count":2,"href":"https:\/\/wp.ufpel.edu.br\/ri\/wp-json\/wp\/v2\/posts\/1851\/revisions"}],"predecessor-version":[{"id":1855,"href":"https:\/\/wp.ufpel.edu.br\/ri\/wp-json\/wp\/v2\/posts\/1851\/revisions\/1855"}],"wp:featuredmedia":[{"embeddable":true,"href":"https:\/\/wp.ufpel.edu.br\/ri\/wp-json\/wp\/v2\/media\/1853"}],"wp:attachment":[{"href":"https:\/\/wp.ufpel.edu.br\/ri\/wp-json\/wp\/v2\/media?parent=1851"}],"wp:term":[{"taxonomy":"category","embeddable":true,"href":"https:\/\/wp.ufpel.edu.br\/ri\/wp-json\/wp\/v2\/categories?post=1851"},{"taxonomy":"post_tag","embeddable":true,"href":"https:\/\/wp.ufpel.edu.br\/ri\/wp-json\/wp\/v2\/tags?post=1851"}],"curies":[{"name":"wp","href":"https:\/\/api.w.org\/{rel}","templated":true}]}}