{"id":986,"date":"2023-11-01T17:39:10","date_gmt":"2023-11-01T20:39:10","guid":{"rendered":"https:\/\/wp.ufpel.edu.br\/residenciapedagogica\/?p=986"},"modified":"2023-11-27T21:46:30","modified_gmt":"2023-11-28T00:46:30","slug":"evento-de-formacao-de-socializacao-e-de-avaliacao-do-prp-ufpel-modulo-ii","status":"publish","type":"post","link":"https:\/\/wp.ufpel.edu.br\/residenciapedagogica\/2023\/11\/01\/evento-de-formacao-de-socializacao-e-de-avaliacao-do-prp-ufpel-modulo-ii\/","title":{"rendered":"Evento de Forma\u00e7\u00e3o, de Socializa\u00e7\u00e3o e de Avalia\u00e7\u00e3o do PRP\/UFPel \u2013 M\u00f3dulo II"},"content":{"rendered":"<p>Nos dias 06 e 07 de novembro de 2023 ocorre o <strong>Evento de Forma\u00e7\u00e3o, de Socializa\u00e7\u00e3o e de Avalia\u00e7\u00e3o do M\u00f3dulo II do Programa Resid\u00eancia Pedag\u00f3gica (PRP) da UFPel<\/strong>. Ele envolver\u00e1 a presen\u00e7a de toda a equipe do Programa.<\/p>\n<p><img class=\"alignnone size-medium wp-image-989\" src=\"https:\/\/wp.ufpel.edu.br\/residenciapedagogica\/files\/2023\/11\/WhatsApp-Image-2023-11-01-at-17.31.14-300x400.jpeg\" alt=\"\" width=\"300\" height=\"400\" srcset=\"https:\/\/wp.ufpel.edu.br\/residenciapedagogica\/files\/2023\/11\/WhatsApp-Image-2023-11-01-at-17.31.14-300x400.jpeg 300w, https:\/\/wp.ufpel.edu.br\/residenciapedagogica\/files\/2023\/11\/WhatsApp-Image-2023-11-01-at-17.31.14-768x1024.jpeg 768w, https:\/\/wp.ufpel.edu.br\/residenciapedagogica\/files\/2023\/11\/WhatsApp-Image-2023-11-01-at-17.31.14-1152x1536.jpeg 1152w, https:\/\/wp.ufpel.edu.br\/residenciapedagogica\/files\/2023\/11\/WhatsApp-Image-2023-11-01-at-17.31.14.jpeg 1200w\" sizes=\"(max-width: 300px) 100vw, 300px\" \/> <img class=\"alignnone size-medium wp-image-999\" src=\"https:\/\/wp.ufpel.edu.br\/residenciapedagogica\/files\/2023\/11\/WhatsApp-Image-2023-11-05-at-22.30.26-1-300x400.jpeg\" alt=\"\" width=\"300\" height=\"400\" srcset=\"https:\/\/wp.ufpel.edu.br\/residenciapedagogica\/files\/2023\/11\/WhatsApp-Image-2023-11-05-at-22.30.26-1-300x400.jpeg 300w, https:\/\/wp.ufpel.edu.br\/residenciapedagogica\/files\/2023\/11\/WhatsApp-Image-2023-11-05-at-22.30.26-1.jpeg 768w\" sizes=\"(max-width: 300px) 100vw, 300px\" \/><\/p>\n<p>Na segunda-feira ocorrem duas mesas redondas de forma\u00e7\u00e3o, nos turnos da manh\u00e3 e tarde, com a presen\u00e7a de todos membros do Programa.<\/p>\n<p>Na segunda-feira a noite e ter\u00e7a-feira (manh\u00e3 e tarde) ocorrem as atividades de Socializa\u00e7\u00e3o e Avalia\u00e7\u00e3o, em que cada Residente e Preceptor foi alocado em um dos turnos de atividades (conforme <a href=\"https:\/\/wp.ufpel.edu.br\/residenciapedagogica\/files\/2023\/11\/Evento-PRP_UFPel-Modulo-II.docx-2.pdf\">link com o Programa, orienta\u00e7\u00e3o e distribui\u00e7\u00e3o das salas<\/a><a href=\"https:\/\/wp.ufpel.edu.br\/residenciapedagogica\/files\/2023\/11\/Evento-PRP_UFPel-Modulo-II-Programacao-e-distribuicao-de-salas-de-socializacao-e-de-avaliacao.pdf\">).<\/a> OBS. Caso o seu nome n\u00e3o esteja em alguma sala, pe\u00e7a o link ao Docente orientador ou representante, para atualiza\u00e7\u00e3o).<\/p>\n<p>Slides sobre <strong>Mesa Redonda da Inclus\u00e3o<\/strong>: Profas <a href=\"https:\/\/wp.ufpel.edu.br\/residenciapedagogica\/files\/2023\/11\/RESIDENCIA-Mesa-redonda-Inclusao-Rita-de-Cossio.pdf\">Rita<\/a> e <a href=\"https:\/\/wp.ufpel.edu.br\/residenciapedagogica\/files\/2023\/11\/Programa-de-residencia-pedagogica-Gilsenira.pdf\">Gilsenira<\/a><\/p>\n<p>Slides e materiais <strong>Mesa Redonda Viol\u00eancia e Sa\u00fade Mental<\/strong>: <a href=\"https:\/\/wp.ufpel.edu.br\/residenciapedagogica\/files\/2023\/11\/Programa-residencia-pedagogica-ufpel-Juliana-Psicologa.pdf\">Juliana (ppt.)<\/a>, <a href=\"https:\/\/www.youtube.com\/watch?v=P48ZB1I6QPc&amp;t=9s\">V\u00eddeo <\/a>Livros de apoio: <a href=\"https:\/\/wp.ufpel.edu.br\/residenciapedagogica\/files\/2023\/11\/Prevenc\u0327a\u0303o-do-comportamento-autodestrutivo-na-adolesce\u0302ncia-A4.pdf\">Prevenc\u0327a\u0303o do comportamento_Autodestrutivo_na_Adolesce\u0302ncia<\/a>, <a href=\"https:\/\/wp.ufpel.edu.br\/residenciapedagogica\/files\/2023\/11\/Autolesao_nao_suicida_assistencia_e_promocao_de_saude_mental.pdf\">Autolesao_nao_suicida_assistencia_e_promocao_de_saude_mental<\/a>, <a href=\"https:\/\/wp.ufpel.edu.br\/residenciapedagogica\/files\/2023\/11\/PREVENCION-DE-LA-VIOLENCIA-EN-LA-ESCUELA-MANUAL-PRATICO.pdf\">PREVENCI\u00d3N DE LA VIOLENCIA EN LA ESCUELA MANUAL PR\u00c1TICO<\/a>.<\/p>\n<p>Link para acesso da <strong>Atividade de encerramento:<\/strong> <a href=\"https:\/\/drive.google.com\/file\/d\/1lOQU1U-AGTUH3zhkqBreHRMsHe2s2nXE\/view?usp=sharing\">https:\/\/drive.google.com\/file\/d\/1lOQU1U-AGTUH3zhkqBreHRMsHe2s2nXE\/view?usp=sharing<\/a><\/p>\n<p>F<strong>ormul\u00e1rio de avalia\u00e7\u00e3o do Evento e do Programa:<\/strong> <a href=\"https:\/\/docs.google.com\/forms\/d\/e\/1FAIpQLScf5ooBxd-3duUryWgxzShhtFO3Wa3Ok094DInZW3XXrnBR1A\/viewform\">https:\/\/docs.google.com\/forms\/d\/e\/1FAIpQLScf5ooBxd-3duUryWgxzShhtFO3Wa3Ok094DInZW3XXrnBR1A\/viewform\u00a0<\/a><\/p>\n<p><strong>Formul\u00e1rio para levantamento de interessados para a ida ao ENALIC<\/strong> &#8211; Preenchimento at\u00e9 dia 13\/11 <a href=\"https:\/\/forms.gle\/TdE3fsy3zJdJ7SrU6\">https:\/\/forms.gle\/TdE3fsy3zJdJ7SrU6<\/a><\/p>\n<p>Ao final do evento acontecer\u00e1 a socializa\u00e7\u00e3o das discuss\u00f5es desenvolvidas, com a presen\u00e7a de todos os participantes do Programa.<\/p>\n","protected":false},"excerpt":{"rendered":"<p>Nos dias 06 e 07 de novembro de 2023 ocorre o Evento de Forma\u00e7\u00e3o, de Socializa\u00e7\u00e3o e de Avalia\u00e7\u00e3o do M\u00f3dulo II do Programa Resid\u00eancia Pedag\u00f3gica (PRP) da UFPel. Ele envolver\u00e1 a presen\u00e7a de toda a equipe do Programa. Na segunda-feira ocorrem duas mesas redondas de forma\u00e7\u00e3o, nos turnos da manh\u00e3 e tarde, com a [&hellip;]<\/p>\n","protected":false},"author":1039,"featured_media":0,"comment_status":"closed","ping_status":"closed","sticky":false,"template":"","format":"standard","meta":{"footnotes":""},"categories":[1],"tags":[],"class_list":["post-986","post","type-post","status-publish","format-standard","hentry","category-noticias"],"jetpack_featured_media_url":"","_links":{"self":[{"href":"https:\/\/wp.ufpel.edu.br\/residenciapedagogica\/wp-json\/wp\/v2\/posts\/986","targetHints":{"allow":["GET"]}}],"collection":[{"href":"https:\/\/wp.ufpel.edu.br\/residenciapedagogica\/wp-json\/wp\/v2\/posts"}],"about":[{"href":"https:\/\/wp.ufpel.edu.br\/residenciapedagogica\/wp-json\/wp\/v2\/types\/post"}],"author":[{"embeddable":true,"href":"https:\/\/wp.ufpel.edu.br\/residenciapedagogica\/wp-json\/wp\/v2\/users\/1039"}],"replies":[{"embeddable":true,"href":"https:\/\/wp.ufpel.edu.br\/residenciapedagogica\/wp-json\/wp\/v2\/comments?post=986"}],"version-history":[{"count":18,"href":"https:\/\/wp.ufpel.edu.br\/residenciapedagogica\/wp-json\/wp\/v2\/posts\/986\/revisions"}],"predecessor-version":[{"id":1037,"href":"https:\/\/wp.ufpel.edu.br\/residenciapedagogica\/wp-json\/wp\/v2\/posts\/986\/revisions\/1037"}],"wp:attachment":[{"href":"https:\/\/wp.ufpel.edu.br\/residenciapedagogica\/wp-json\/wp\/v2\/media?parent=986"}],"wp:term":[{"taxonomy":"category","embeddable":true,"href":"https:\/\/wp.ufpel.edu.br\/residenciapedagogica\/wp-json\/wp\/v2\/categories?post=986"},{"taxonomy":"post_tag","embeddable":true,"href":"https:\/\/wp.ufpel.edu.br\/residenciapedagogica\/wp-json\/wp\/v2\/tags?post=986"}],"curies":[{"name":"wp","href":"https:\/\/api.w.org\/{rel}","templated":true}]}}