{"id":780,"date":"2023-07-10T12:21:38","date_gmt":"2023-07-10T15:21:38","guid":{"rendered":"https:\/\/wp.ufpel.edu.br\/residenciapedagogica\/?p=780"},"modified":"2023-07-10T12:21:38","modified_gmt":"2023-07-10T15:21:38","slug":"resultado-final-para-a-selecao-de-preceptora-de-lingua-portuguesa-edital-24-2023","status":"publish","type":"post","link":"https:\/\/wp.ufpel.edu.br\/residenciapedagogica\/2023\/07\/10\/resultado-final-para-a-selecao-de-preceptora-de-lingua-portuguesa-edital-24-2023\/","title":{"rendered":"Resultado Final para a Sele\u00e7\u00e3o de Preceptora de L\u00edngua Portuguesa \u2013 Edital 24\/2023"},"content":{"rendered":"<p><strong>EDITAL\u00a0<\/strong><strong>24\/2023\/PRE\u00a0<\/strong>\u2013<strong>\u00a0Sele\u00e7\u00e3o de Professores das Escolas B\u00e1sicas para o Programa de Resid\u00eancia Pedag\u00f3gica \u2013 PRP\/UFPel \u2013 Processo: 23110.037284\/2022-61<\/strong><\/p>\n<p>A Pr\u00f3-Reitoria de Ensino da Universidade Federal de Pelotas e a Coordena\u00e7\u00e3o Institucional da Programa Resid\u00eancia Pedag\u00f3gica da UFPel (PRP-UFPel), no \u00e2mbito do Projeto Institucional, em conformidade com a Portaria n\u00ba\u00a0\u00a082, de 26 de abril de 2022 \u2013 Regulamento do PRP e o Edital n\u00ba 24\/2022 da CAPES, e os demais dispositivos regulamentares, tornam p\u00fablico o resultado FINAL da sele\u00e7\u00e3o das professoras da Educa\u00e7\u00e3o B\u00e1sica inscritas para atuar no PRP-UFPel como Preceptora de L\u00edngua Portuguesa.<\/p>\n<p><a href=\"https:\/\/wp.ufpel.edu.br\/residenciapedagogica\/files\/2023\/07\/Resultado-Final-Preceptoras-Lingua-Portuguesa.pdf\">Resultado Final Preceptoras L\u00edngua Portuguesa<\/a><\/p>\n","protected":false},"excerpt":{"rendered":"<p>EDITAL\u00a024\/2023\/PRE\u00a0\u2013\u00a0Sele\u00e7\u00e3o de Professores das Escolas B\u00e1sicas para o Programa de Resid\u00eancia Pedag\u00f3gica \u2013 PRP\/UFPel \u2013 Processo: 23110.037284\/2022-61 A Pr\u00f3-Reitoria de Ensino da Universidade Federal de Pelotas e a Coordena\u00e7\u00e3o Institucional da Programa Resid\u00eancia Pedag\u00f3gica da UFPel (PRP-UFPel), no \u00e2mbito do Projeto Institucional, em conformidade com a Portaria n\u00ba\u00a0\u00a082, de 26 de abril de 2022 \u2013 [&hellip;]<\/p>\n","protected":false},"author":1039,"featured_media":0,"comment_status":"closed","ping_status":"closed","sticky":false,"template":"","format":"standard","meta":{"footnotes":""},"categories":[1],"tags":[],"class_list":["post-780","post","type-post","status-publish","format-standard","hentry","category-noticias"],"jetpack_featured_media_url":"","_links":{"self":[{"href":"https:\/\/wp.ufpel.edu.br\/residenciapedagogica\/wp-json\/wp\/v2\/posts\/780","targetHints":{"allow":["GET"]}}],"collection":[{"href":"https:\/\/wp.ufpel.edu.br\/residenciapedagogica\/wp-json\/wp\/v2\/posts"}],"about":[{"href":"https:\/\/wp.ufpel.edu.br\/residenciapedagogica\/wp-json\/wp\/v2\/types\/post"}],"author":[{"embeddable":true,"href":"https:\/\/wp.ufpel.edu.br\/residenciapedagogica\/wp-json\/wp\/v2\/users\/1039"}],"replies":[{"embeddable":true,"href":"https:\/\/wp.ufpel.edu.br\/residenciapedagogica\/wp-json\/wp\/v2\/comments?post=780"}],"version-history":[{"count":1,"href":"https:\/\/wp.ufpel.edu.br\/residenciapedagogica\/wp-json\/wp\/v2\/posts\/780\/revisions"}],"predecessor-version":[{"id":783,"href":"https:\/\/wp.ufpel.edu.br\/residenciapedagogica\/wp-json\/wp\/v2\/posts\/780\/revisions\/783"}],"wp:attachment":[{"href":"https:\/\/wp.ufpel.edu.br\/residenciapedagogica\/wp-json\/wp\/v2\/media?parent=780"}],"wp:term":[{"taxonomy":"category","embeddable":true,"href":"https:\/\/wp.ufpel.edu.br\/residenciapedagogica\/wp-json\/wp\/v2\/categories?post=780"},{"taxonomy":"post_tag","embeddable":true,"href":"https:\/\/wp.ufpel.edu.br\/residenciapedagogica\/wp-json\/wp\/v2\/tags?post=780"}],"curies":[{"name":"wp","href":"https:\/\/api.w.org\/{rel}","templated":true}]}}