{"id":751,"date":"2023-06-16T14:19:17","date_gmt":"2023-06-16T17:19:17","guid":{"rendered":"https:\/\/wp.ufpel.edu.br\/residenciapedagogica\/?p=751"},"modified":"2023-06-16T14:19:17","modified_gmt":"2023-06-16T17:19:17","slug":"edital-no-24-2023-selecao-de-professores-das-escolas-basicas-para-bolsa-de-preceptor-de-lingua-portuguesa-do-programa-de-residencia-pedagogica-prp-ufpel","status":"publish","type":"post","link":"https:\/\/wp.ufpel.edu.br\/residenciapedagogica\/2023\/06\/16\/edital-no-24-2023-selecao-de-professores-das-escolas-basicas-para-bolsa-de-preceptor-de-lingua-portuguesa-do-programa-de-residencia-pedagogica-prp-ufpel\/","title":{"rendered":"Edital n\u00ba 24\/2023 \u2013 Sele\u00e7\u00e3o de Professores das Escolas B\u00e1sicas para Bolsa de Preceptor de L\u00edngua Portuguesa do Programa de Resid\u00eancia Pedag\u00f3gica \u2013 PRP\/UFPel"},"content":{"rendered":"<p>A Pr\u00f3-Reitoria de Ensino da Universidade Federal de Pelotas e a Coordena\u00e7\u00e3o Institucional da Programa Resid\u00eancia Pedag\u00f3gica da UFPel (PRP-UFPel), no \u00e2mbito do Projeto Institucional, em conformidade com a Portaria n\u00ba\u00a0\u00a082, de 26 de abril de 2022 \u2013 Regulamento do PRP e o Edital n\u00ba 24\/2022 da CAPES, e os demais dispositivos regulamentares, tornam p\u00fablica a abertura de inscri\u00e7\u00f5es ao processo de sele\u00e7\u00e3o para professores da Educa\u00e7\u00e3o B\u00e1sica para atuar no PRP-UFPel como Preceptores de L\u00edngua Portuguesa.<\/p>\n<p><a href=\"https:\/\/wp.ufpel.edu.br\/residenciapedagogica\/files\/2023\/06\/Edital-24-2023-Preceptores-em-Lingua-Portuguesado-Programa-Residencia-Pedagogica.pdf\">Edital 24 2023 para Sele\u00e7\u00e3o de Preceptor em L\u00edngua Portuguesa do Programa Resid\u00eancia Pedag\u00f3gica da UFPel<\/a><\/p>\n","protected":false},"excerpt":{"rendered":"<p>A Pr\u00f3-Reitoria de Ensino da Universidade Federal de Pelotas e a Coordena\u00e7\u00e3o Institucional da Programa Resid\u00eancia Pedag\u00f3gica da UFPel (PRP-UFPel), no \u00e2mbito do Projeto Institucional, em conformidade com a Portaria n\u00ba\u00a0\u00a082, de 26 de abril de 2022 \u2013 Regulamento do PRP e o Edital n\u00ba 24\/2022 da CAPES, e os demais dispositivos regulamentares, tornam p\u00fablica [&hellip;]<\/p>\n","protected":false},"author":1039,"featured_media":0,"comment_status":"closed","ping_status":"closed","sticky":false,"template":"","format":"standard","meta":{"footnotes":""},"categories":[1],"tags":[],"class_list":["post-751","post","type-post","status-publish","format-standard","hentry","category-noticias"],"jetpack_featured_media_url":"","_links":{"self":[{"href":"https:\/\/wp.ufpel.edu.br\/residenciapedagogica\/wp-json\/wp\/v2\/posts\/751","targetHints":{"allow":["GET"]}}],"collection":[{"href":"https:\/\/wp.ufpel.edu.br\/residenciapedagogica\/wp-json\/wp\/v2\/posts"}],"about":[{"href":"https:\/\/wp.ufpel.edu.br\/residenciapedagogica\/wp-json\/wp\/v2\/types\/post"}],"author":[{"embeddable":true,"href":"https:\/\/wp.ufpel.edu.br\/residenciapedagogica\/wp-json\/wp\/v2\/users\/1039"}],"replies":[{"embeddable":true,"href":"https:\/\/wp.ufpel.edu.br\/residenciapedagogica\/wp-json\/wp\/v2\/comments?post=751"}],"version-history":[{"count":1,"href":"https:\/\/wp.ufpel.edu.br\/residenciapedagogica\/wp-json\/wp\/v2\/posts\/751\/revisions"}],"predecessor-version":[{"id":754,"href":"https:\/\/wp.ufpel.edu.br\/residenciapedagogica\/wp-json\/wp\/v2\/posts\/751\/revisions\/754"}],"wp:attachment":[{"href":"https:\/\/wp.ufpel.edu.br\/residenciapedagogica\/wp-json\/wp\/v2\/media?parent=751"}],"wp:term":[{"taxonomy":"category","embeddable":true,"href":"https:\/\/wp.ufpel.edu.br\/residenciapedagogica\/wp-json\/wp\/v2\/categories?post=751"},{"taxonomy":"post_tag","embeddable":true,"href":"https:\/\/wp.ufpel.edu.br\/residenciapedagogica\/wp-json\/wp\/v2\/tags?post=751"}],"curies":[{"name":"wp","href":"https:\/\/api.w.org\/{rel}","templated":true}]}}