{"id":658,"date":"2022-12-07T18:00:00","date_gmt":"2022-12-07T21:00:00","guid":{"rendered":"https:\/\/wp.ufpel.edu.br\/residenciapedagogica\/?p=658"},"modified":"2022-12-07T18:13:07","modified_gmt":"2022-12-07T21:13:07","slug":"manifestacao-de-apoio-aos-bolsistas-do-programa-residencia-pedagogica-da-ufpel","status":"publish","type":"post","link":"https:\/\/wp.ufpel.edu.br\/residenciapedagogica\/2022\/12\/07\/manifestacao-de-apoio-aos-bolsistas-do-programa-residencia-pedagogica-da-ufpel\/","title":{"rendered":"Manifesta\u00e7\u00e3o de apoio aos Bolsistas do  Programa Resid\u00eancia Pedag\u00f3gica da UFPel"},"content":{"rendered":"<p style=\"text-align: justify;\">O Programa Resid\u00eancia Pedag\u00f3gica da Universidade Federal de Pelotas (PRP\/UFPel) vem a p\u00fablico se manifestar contra o CALOTE sofrido pela Educa\u00e7\u00e3o Brasileira (Universidades, Capes e outros) por conta da m\u00e1 gest\u00e3o da Uni\u00e3o que impele o descumprimento das obriga\u00e7\u00f5es financeiras como pagamento de \u00e1gua, luz, terceirizados, bem como das bolsas de assist\u00eancia estudantil e de estudos, no Brasil e exterior, como mestrado, doutorado e resid\u00eancias.<\/p>\n<p style=\"text-align: justify;\">Nosso Programa contempla milhares de estudantes em 21 escolas p\u00fablicas (Municipais, Estaduais e Federal) de Pelotas, contribuindo com a forma\u00e7\u00e3o de um n\u00famero significativo de Licenciandos da Universidade Federal de Pelotas, al\u00e9m de contribuir com a Forma\u00e7\u00e3o continuada dos professores das escolas parceiras.<\/p>\n<p style=\"text-align: justify;\">Devido a esta situa\u00e7\u00e3o periclitante que exp\u00f5e a vulnerabilidade de nossos estudantes e sinaliza para o desmonte do sistema p\u00fablico de ensino, o Programa Resid\u00eancia Pedag\u00f3gica vem denunciar e exigir o cumprimento do compromisso, bem como se solidarizar com toda a comunidade acad\u00eamica da UFPEL, de todas as IES e Institutos Federais que foram abruptamente saqueados pela atual gest\u00e3o no Governo Federal.<\/p>\n<p><a href=\"https:\/\/wp.ufpel.edu.br\/residenciapedagogica\/files\/2022\/12\/Manifestacao-de-apoio-Bolsistas-do-Programa-Residencia-Pedagogica.pdf\">Clique aqui para ter acesso ao documento da Manifesta\u00e7\u00e3o de apoio aos Bolsistas do PRP\/UFPel<\/a><\/p>\n<p>A manifesta\u00e7\u00e3o deriva: da nota oficial da CAPES a respeito das restri\u00e7\u00f5es financeiras e or\u00e7ament\u00e1rias impostas pelo Decreto n\u00b0 11.269, de 30 de novembro de 2022 (<a href=\"https:\/\/www.gov.br\/capes\/pt-br\/assuntos\/noticias\/restricoes-orcamentarias-e-financeiras-impostas-a-capes\">https:\/\/www.gov.br\/capes\/pt-br\/assuntos\/noticias\/restricoes-orcamentarias-e-financeiras-impostas-a-capes)<\/a> e das not\u00edcias vinculadas na UFPel (<a href=\"https:\/\/ccs2.ufpel.edu.br\/wp\/2022\/12\/06\/calote-do-governo-federal-impede-o-pagamento-de-bolsas-de-assistencia-estudantil-em-dezembro\">https:\/\/ccs2.ufpel.edu.br\/wp\/2022\/12\/06\/calote-do-governo-federal-impede-o-pagamento-de-bolsas-de-assistencia-estudantil-em-dezembro<\/a>\/ e <a href=\"https:\/\/ccs2.ufpel.edu.br\/wp\/2022\/12\/07\/estudantes-ocupam-o-campus-2-em-protesto-contra-o-bloqueio-orcamentario\/\">https:\/\/ccs2.ufpel.edu.br\/wp\/2022\/12\/07\/estudantes-ocupam-o-campus-2-em-protesto-contra-o-bloqueio-orcamentario\/<\/a>).<\/p>\n","protected":false},"excerpt":{"rendered":"<p>O Programa Resid\u00eancia Pedag\u00f3gica da Universidade Federal de Pelotas (PRP\/UFPel) vem a p\u00fablico se manifestar contra o CALOTE sofrido pela Educa\u00e7\u00e3o Brasileira (Universidades, Capes e outros) por conta da m\u00e1 gest\u00e3o da Uni\u00e3o que impele o descumprimento das obriga\u00e7\u00f5es financeiras como pagamento de \u00e1gua, luz, terceirizados, bem como das bolsas de assist\u00eancia estudantil e de [&hellip;]<\/p>\n","protected":false},"author":1039,"featured_media":0,"comment_status":"closed","ping_status":"closed","sticky":false,"template":"","format":"standard","meta":{"footnotes":""},"categories":[1],"tags":[],"class_list":["post-658","post","type-post","status-publish","format-standard","hentry","category-noticias"],"jetpack_featured_media_url":"","_links":{"self":[{"href":"https:\/\/wp.ufpel.edu.br\/residenciapedagogica\/wp-json\/wp\/v2\/posts\/658","targetHints":{"allow":["GET"]}}],"collection":[{"href":"https:\/\/wp.ufpel.edu.br\/residenciapedagogica\/wp-json\/wp\/v2\/posts"}],"about":[{"href":"https:\/\/wp.ufpel.edu.br\/residenciapedagogica\/wp-json\/wp\/v2\/types\/post"}],"author":[{"embeddable":true,"href":"https:\/\/wp.ufpel.edu.br\/residenciapedagogica\/wp-json\/wp\/v2\/users\/1039"}],"replies":[{"embeddable":true,"href":"https:\/\/wp.ufpel.edu.br\/residenciapedagogica\/wp-json\/wp\/v2\/comments?post=658"}],"version-history":[{"count":5,"href":"https:\/\/wp.ufpel.edu.br\/residenciapedagogica\/wp-json\/wp\/v2\/posts\/658\/revisions"}],"predecessor-version":[{"id":665,"href":"https:\/\/wp.ufpel.edu.br\/residenciapedagogica\/wp-json\/wp\/v2\/posts\/658\/revisions\/665"}],"wp:attachment":[{"href":"https:\/\/wp.ufpel.edu.br\/residenciapedagogica\/wp-json\/wp\/v2\/media?parent=658"}],"wp:term":[{"taxonomy":"category","embeddable":true,"href":"https:\/\/wp.ufpel.edu.br\/residenciapedagogica\/wp-json\/wp\/v2\/categories?post=658"},{"taxonomy":"post_tag","embeddable":true,"href":"https:\/\/wp.ufpel.edu.br\/residenciapedagogica\/wp-json\/wp\/v2\/tags?post=658"}],"curies":[{"name":"wp","href":"https:\/\/api.w.org\/{rel}","templated":true}]}}