{"id":1199,"date":"2023-12-11T12:28:30","date_gmt":"2023-12-11T15:28:30","guid":{"rendered":"https:\/\/wp.ufpel.edu.br\/residenciapedagogica\/?p=1199"},"modified":"2023-12-11T14:09:51","modified_gmt":"2023-12-11T17:09:51","slug":"os-programas-de-iniciacao-a-docencia-pibid-e-residencia-pedagogica-participam-de-evento-nacional-das-licenciaturas","status":"publish","type":"post","link":"https:\/\/wp.ufpel.edu.br\/residenciapedagogica\/2023\/12\/11\/os-programas-de-iniciacao-a-docencia-pibid-e-residencia-pedagogica-participam-de-evento-nacional-das-licenciaturas\/","title":{"rendered":"Os Programas de Inicia\u00e7\u00e3o \u00e0 Doc\u00eancia (Pibid) e Resid\u00eancia Pedag\u00f3gica participam de Evento Nacional das Licenciaturas"},"content":{"rendered":"<p style=\"text-align: justify;\">Integrantes do PIBID (Programa Institucional de Bolsas de Inicia\u00e7\u00e3o a Doc\u00eancia) e do PRP (Programa Resid\u00eancia Pedag\u00f3gica) da UFPel participaram entre os dias 06 e 08 de dezembro de 2023 no\u00a0 IX ENCONTRO NACIONAL DAS LICENCIATURAS, VIII SEMIN\u00c1RIO NACIONAL DO PIBID e III SEMIN\u00c1RIO NACIONAL DO PROGRAMA RESID\u00caNCIA PEDAG\u00d3GICA, que ocorreu na UNIVATES, em Lajeado\/RS.<\/p>\n<p style=\"text-align: justify;\">O evento contou com atividades presenciais e online, tendo o objetivo de &#8220;promover um espa\u00e7o de di\u00e1logo entre professores(as) da educa\u00e7\u00e3o b\u00e1sica e professores(as) do ensino superior, licenciandos(as), pesquisadores(as), p\u00f3s-graduandos(as) \u00a0e demais profissionais da educa\u00e7\u00e3o, a partir de debates com embasamento te\u00f3rico e de investiga\u00e7\u00f5es recentes e relevantes, promovendo reflex\u00e3o atual e contextualizada de quest\u00f5es implicadas \u00e0 forma\u00e7\u00e3o inicial e continuada de professores da educa\u00e7\u00e3o b\u00e1sica&#8221;. Durante o evento, as discuss\u00f5es envolveram as pol\u00edticas educacionais atuais, especificamente aquelas com impactos na forma\u00e7\u00e3o \u00a0inicial e continuada de professores(as), a exemplo do Novo Ensino M\u00e9dio, a BNCC, as diretrizes de forma\u00e7\u00e3o de Professores(as), e o papel dos programas PIBID e Resid\u00eancia Pedag\u00f3gica na forma\u00e7\u00e3o.<\/p>\n<p style=\"text-align: justify;\">Nesse sentido, a <span style=\"color: var(--cor-texto); font-family: var(--fonte-corpo);\">participa\u00e7\u00e3o permitiu a forma\u00e7\u00e3o dos integrantes dos Programas e a visibilidade das atividades da UFPel, seja pela participa\u00e7\u00e3o em minicursos, oficinas, palestras e em Reuni\u00f5es DEB\/Capes, seja por ministrar oficinas, apresenta\u00e7\u00e3o de comunica\u00e7\u00f5es cient\u00edficas e de relatos de experi\u00eancias da Coordena\u00e7\u00e3o institucional, de Coordenadores de \u00e1rea, de Professores da Educa\u00e7\u00e3o b\u00e1sica, de residentes e de pibidianos que se inscreveram na modalidade online e\/ou presencial do evento.<\/span><\/p>\n<p style=\"text-align: justify;\">Mais informa\u00e7\u00f5es sobre o evento est\u00e3o dispon\u00edveis em <a href=\"https:\/\/www.enalic.com.br\/\">https:\/\/www.enalic.com.br\/.<\/a><\/p>\n<p style=\"text-align: justify;\">Registro de parte da delega\u00e7\u00e3o participante no Evento, na modalidade presencial:<\/p>\n<p><img class=\"size-medium wp-image-1201 aligncenter\" src=\"https:\/\/wp.ufpel.edu.br\/residenciapedagogica\/files\/2023\/12\/20231208_191658-scaled-e1702307482470-400x199.jpg\" alt=\"\" width=\"400\" height=\"199\" srcset=\"https:\/\/wp.ufpel.edu.br\/residenciapedagogica\/files\/2023\/12\/20231208_191658-scaled-e1702307482470-400x199.jpg 400w, https:\/\/wp.ufpel.edu.br\/residenciapedagogica\/files\/2023\/12\/20231208_191658-scaled-e1702307482470-1024x508.jpg 1024w, https:\/\/wp.ufpel.edu.br\/residenciapedagogica\/files\/2023\/12\/20231208_191658-scaled-e1702307482470-768x381.jpg 768w, https:\/\/wp.ufpel.edu.br\/residenciapedagogica\/files\/2023\/12\/20231208_191658-scaled-e1702307482470-1536x763.jpg 1536w, https:\/\/wp.ufpel.edu.br\/residenciapedagogica\/files\/2023\/12\/20231208_191658-scaled-e1702307482470-2048x1017.jpg 2048w\" sizes=\"(max-width: 400px) 100vw, 400px\" \/><\/p>\n","protected":false},"excerpt":{"rendered":"<p>Integrantes do PIBID (Programa Institucional de Bolsas de Inicia\u00e7\u00e3o a Doc\u00eancia) e do PRP (Programa Resid\u00eancia Pedag\u00f3gica) da UFPel participaram entre os dias 06 e 08 de dezembro de 2023 no\u00a0 IX ENCONTRO NACIONAL DAS LICENCIATURAS, VIII SEMIN\u00c1RIO NACIONAL DO PIBID e III SEMIN\u00c1RIO NACIONAL DO PROGRAMA RESID\u00caNCIA PEDAG\u00d3GICA, que ocorreu na UNIVATES, em Lajeado\/RS. [&hellip;]<\/p>\n","protected":false},"author":1039,"featured_media":0,"comment_status":"closed","ping_status":"closed","sticky":false,"template":"","format":"standard","meta":{"footnotes":""},"categories":[1],"tags":[],"class_list":["post-1199","post","type-post","status-publish","format-standard","hentry","category-noticias"],"jetpack_featured_media_url":"","_links":{"self":[{"href":"https:\/\/wp.ufpel.edu.br\/residenciapedagogica\/wp-json\/wp\/v2\/posts\/1199","targetHints":{"allow":["GET"]}}],"collection":[{"href":"https:\/\/wp.ufpel.edu.br\/residenciapedagogica\/wp-json\/wp\/v2\/posts"}],"about":[{"href":"https:\/\/wp.ufpel.edu.br\/residenciapedagogica\/wp-json\/wp\/v2\/types\/post"}],"author":[{"embeddable":true,"href":"https:\/\/wp.ufpel.edu.br\/residenciapedagogica\/wp-json\/wp\/v2\/users\/1039"}],"replies":[{"embeddable":true,"href":"https:\/\/wp.ufpel.edu.br\/residenciapedagogica\/wp-json\/wp\/v2\/comments?post=1199"}],"version-history":[{"count":4,"href":"https:\/\/wp.ufpel.edu.br\/residenciapedagogica\/wp-json\/wp\/v2\/posts\/1199\/revisions"}],"predecessor-version":[{"id":1205,"href":"https:\/\/wp.ufpel.edu.br\/residenciapedagogica\/wp-json\/wp\/v2\/posts\/1199\/revisions\/1205"}],"wp:attachment":[{"href":"https:\/\/wp.ufpel.edu.br\/residenciapedagogica\/wp-json\/wp\/v2\/media?parent=1199"}],"wp:term":[{"taxonomy":"category","embeddable":true,"href":"https:\/\/wp.ufpel.edu.br\/residenciapedagogica\/wp-json\/wp\/v2\/categories?post=1199"},{"taxonomy":"post_tag","embeddable":true,"href":"https:\/\/wp.ufpel.edu.br\/residenciapedagogica\/wp-json\/wp\/v2\/tags?post=1199"}],"curies":[{"name":"wp","href":"https:\/\/api.w.org\/{rel}","templated":true}]}}