{"id":1026,"date":"2023-11-08T15:22:12","date_gmt":"2023-11-08T18:22:12","guid":{"rendered":"https:\/\/wp.ufpel.edu.br\/residenciapedagogica\/?p=1026"},"modified":"2023-11-08T15:24:24","modified_gmt":"2023-11-08T18:24:24","slug":"fieserb-e-enalic","status":"publish","type":"post","link":"https:\/\/wp.ufpel.edu.br\/residenciapedagogica\/2023\/11\/08\/fieserb-e-enalic\/","title":{"rendered":"FIESERB e ENALIC"},"content":{"rendered":"<p>Gostar\u00edamos de fazer a ampla divulga\u00e7\u00e3o do <strong>V F\u00f3rum de Integra\u00e7\u00e3o entre Ensino Superior e Educa\u00e7\u00e3o B\u00e1sica (FIESEB)<\/strong>. O evento, que acontecer\u00e1 no dia 10 de novembro, abordar\u00e1 o tema \u201cInterlocu\u00e7\u00f5es poss\u00edveis pensando o novo Plano Nacional de Educa\u00e7\u00e3o: Curr\u00edculos, projetos e programas que interla\u00e7am escola e universidade.\u201d. Para acesso a outras informa\u00e7\u00f5es e para inscri\u00e7\u00e3o \u00e0s atividades, acesse: <a href=\"https:\/\/ccs2.ufpel.edu.br\/wp\/2023\/11\/01\/inscricoes-abertas-para-o-v-forum-de-integracao-entre-ensino-superior-e-educacao-basica-fieseb\/\">https:\/\/ccs2.ufpel.edu.br\/wp\/2023\/11\/01\/inscricoes-abertas-para-o-v-forum-de-integracao-entre-ensino-superior-e-educacao-basica-fieseb\/<\/a><\/p>\n<p>Ainda, com vistas de fazer um levantamento dos interessados a ir no <strong>IX ENALIC<\/strong>, em Lajeado (IX ENCONTRO NACIONAL DAS LICENCIATURAS e VIII SEMIN\u00c1RIO NACIONAL DO PIBID e III SEMIN\u00c1RIO NACIONAL DO PROGRAMA RESID\u00caNCIA PEDAG\u00d3GICA), solicitamos o <strong>preenchimento do formul\u00e1rio at\u00e9 o dia 13\/11\/2023<\/strong>: <a href=\"https:\/\/forms.gle\/TdE3fsy3zJdJ7SrU6\">https:\/\/forms.gle\/TdE3fsy3zJdJ7SrU6<\/a>.<\/p>\n<p>&nbsp;<\/p>\n","protected":false},"excerpt":{"rendered":"<p>Gostar\u00edamos de fazer a ampla divulga\u00e7\u00e3o do V F\u00f3rum de Integra\u00e7\u00e3o entre Ensino Superior e Educa\u00e7\u00e3o B\u00e1sica (FIESEB). O evento, que acontecer\u00e1 no dia 10 de novembro, abordar\u00e1 o tema \u201cInterlocu\u00e7\u00f5es poss\u00edveis pensando o novo Plano Nacional de Educa\u00e7\u00e3o: Curr\u00edculos, projetos e programas que interla\u00e7am escola e universidade.\u201d. Para acesso a outras informa\u00e7\u00f5es e para [&hellip;]<\/p>\n","protected":false},"author":1039,"featured_media":0,"comment_status":"closed","ping_status":"closed","sticky":false,"template":"","format":"standard","meta":{"footnotes":""},"categories":[1],"tags":[],"class_list":["post-1026","post","type-post","status-publish","format-standard","hentry","category-noticias"],"jetpack_featured_media_url":"","_links":{"self":[{"href":"https:\/\/wp.ufpel.edu.br\/residenciapedagogica\/wp-json\/wp\/v2\/posts\/1026","targetHints":{"allow":["GET"]}}],"collection":[{"href":"https:\/\/wp.ufpel.edu.br\/residenciapedagogica\/wp-json\/wp\/v2\/posts"}],"about":[{"href":"https:\/\/wp.ufpel.edu.br\/residenciapedagogica\/wp-json\/wp\/v2\/types\/post"}],"author":[{"embeddable":true,"href":"https:\/\/wp.ufpel.edu.br\/residenciapedagogica\/wp-json\/wp\/v2\/users\/1039"}],"replies":[{"embeddable":true,"href":"https:\/\/wp.ufpel.edu.br\/residenciapedagogica\/wp-json\/wp\/v2\/comments?post=1026"}],"version-history":[{"count":2,"href":"https:\/\/wp.ufpel.edu.br\/residenciapedagogica\/wp-json\/wp\/v2\/posts\/1026\/revisions"}],"predecessor-version":[{"id":1029,"href":"https:\/\/wp.ufpel.edu.br\/residenciapedagogica\/wp-json\/wp\/v2\/posts\/1026\/revisions\/1029"}],"wp:attachment":[{"href":"https:\/\/wp.ufpel.edu.br\/residenciapedagogica\/wp-json\/wp\/v2\/media?parent=1026"}],"wp:term":[{"taxonomy":"category","embeddable":true,"href":"https:\/\/wp.ufpel.edu.br\/residenciapedagogica\/wp-json\/wp\/v2\/categories?post=1026"},{"taxonomy":"post_tag","embeddable":true,"href":"https:\/\/wp.ufpel.edu.br\/residenciapedagogica\/wp-json\/wp\/v2\/tags?post=1026"}],"curies":[{"name":"wp","href":"https:\/\/api.w.org\/{rel}","templated":true}]}}