{"id":605,"date":"2023-07-26T18:11:10","date_gmt":"2023-07-26T21:11:10","guid":{"rendered":"https:\/\/wp.ufpel.edu.br\/representacoesinstitucionais\/?p=605"},"modified":"2023-07-26T20:30:37","modified_gmt":"2023-07-26T23:30:37","slug":"integracao-prec-e-ris-no-faf","status":"publish","type":"post","link":"https:\/\/wp.ufpel.edu.br\/representacoesinstitucionais\/2023\/07\/26\/integracao-prec-e-ris-no-faf\/","title":{"rendered":"Integra\u00e7\u00e3o PREC e RIs no FAF"},"content":{"rendered":"<p style=\"text-align: justify;\">Com a recente renova\u00e7\u00e3o da representa\u00e7\u00e3o da UFPel junto ao F\u00f3rum da Agricultura Familiar (FAF), a Pr\u00f3-Reitoria de Extens\u00e3o e Cultura (PREC) promoveu reuni\u00e3o dos servidores designados, Prof. Cl\u00e1udio Becker (FAEM) e Prof\u00aa Jaqueline Pereira Machado de Oliveira (FAEM), no intuito de integr\u00e1-los \u00e0 fun\u00e7\u00e3o institucional com informa\u00e7\u00f5es administrativas e sobre o acompanhamento t\u00e9cnico disponibilizado no desempenho. O encontro foi tamb\u00e9m oportunidade de compartilhamento das percep\u00e7\u00f5es sobre a realidade local\/regional e proje\u00e7\u00e3o de atividades conjuntas.<\/p>\n<p style=\"text-align: center;\"><img loading=\"lazy\" decoding=\"async\" class=\"alignnone size-medium wp-image-596\" src=\"https:\/\/wp.ufpel.edu.br\/representacoesinstitucionais\/files\/2023\/07\/Reuniao-RIs-FAF-jul_23-2-400x225.png\" alt=\"\" width=\"400\" height=\"225\" srcset=\"https:\/\/wp.ufpel.edu.br\/representacoesinstitucionais\/files\/2023\/07\/Reuniao-RIs-FAF-jul_23-2-400x225.png 400w, https:\/\/wp.ufpel.edu.br\/representacoesinstitucionais\/files\/2023\/07\/Reuniao-RIs-FAF-jul_23-2-1024x576.png 1024w, https:\/\/wp.ufpel.edu.br\/representacoesinstitucionais\/files\/2023\/07\/Reuniao-RIs-FAF-jul_23-2-768x432.png 768w, https:\/\/wp.ufpel.edu.br\/representacoesinstitucionais\/files\/2023\/07\/Reuniao-RIs-FAF-jul_23-2-1536x863.png 1536w, https:\/\/wp.ufpel.edu.br\/representacoesinstitucionais\/files\/2023\/07\/Reuniao-RIs-FAF-jul_23-2-600x337.png 600w, https:\/\/wp.ufpel.edu.br\/representacoesinstitucionais\/files\/2023\/07\/Reuniao-RIs-FAF-jul_23-2-945x531.png 945w, https:\/\/wp.ufpel.edu.br\/representacoesinstitucionais\/files\/2023\/07\/Reuniao-RIs-FAF-jul_23-2.png 1601w\" sizes=\"auto, (max-width: 400px) 100vw, 400px\" \/><\/p>\n<p style=\"text-align: justify;\">O F\u00f3rum \u00e9 espa\u00e7o de discuss\u00e3o e delibera\u00e7\u00e3o em torno de projetos e a\u00e7\u00f5es voltadas ao desenvolvimento sustent\u00e1vel do territ\u00f3rio rural do sul do estado, no qual a UFPel \u00e9 membro fundador desde 1996.<\/p>\n<p>Na nova etapa da atua\u00e7\u00e3o, a inten\u00e7\u00e3o \u00e9 intensificar as contribui\u00e7\u00f5es da universidade no FAF e promover maior comunica\u00e7\u00e3o interna sobre as suas atividades no sentido de dar efetividade aos prop\u00f3sitos de desenvolvimento local.<\/p>\n","protected":false},"excerpt":{"rendered":"<p>Com a recente renova\u00e7\u00e3o da representa\u00e7\u00e3o da UFPel junto ao F\u00f3rum da Agricultura Familiar (FAF), a Pr\u00f3-Reitoria de Extens\u00e3o e Cultura (PREC) promoveu reuni\u00e3o dos servidores designados, Prof. Cl\u00e1udio Becker (FAEM) e Prof\u00aa Jaqueline Pereira Machado de Oliveira (FAEM), no&#8230; <a class=\"more-link\" href=\"https:\/\/wp.ufpel.edu.br\/representacoesinstitucionais\/2023\/07\/26\/integracao-prec-e-ris-no-faf\/\">Continue lendo &rarr;<\/a><\/p>\n","protected":false},"author":1150,"featured_media":0,"comment_status":"closed","ping_status":"closed","sticky":false,"template":"","format":"standard","meta":{"footnotes":""},"categories":[1],"tags":[],"class_list":["post-605","post","type-post","status-publish","format-standard","hentry","category-noticias"],"jetpack_featured_media_url":"","_links":{"self":[{"href":"https:\/\/wp.ufpel.edu.br\/representacoesinstitucionais\/wp-json\/wp\/v2\/posts\/605","targetHints":{"allow":["GET"]}}],"collection":[{"href":"https:\/\/wp.ufpel.edu.br\/representacoesinstitucionais\/wp-json\/wp\/v2\/posts"}],"about":[{"href":"https:\/\/wp.ufpel.edu.br\/representacoesinstitucionais\/wp-json\/wp\/v2\/types\/post"}],"author":[{"embeddable":true,"href":"https:\/\/wp.ufpel.edu.br\/representacoesinstitucionais\/wp-json\/wp\/v2\/users\/1150"}],"replies":[{"embeddable":true,"href":"https:\/\/wp.ufpel.edu.br\/representacoesinstitucionais\/wp-json\/wp\/v2\/comments?post=605"}],"version-history":[{"count":3,"href":"https:\/\/wp.ufpel.edu.br\/representacoesinstitucionais\/wp-json\/wp\/v2\/posts\/605\/revisions"}],"predecessor-version":[{"id":609,"href":"https:\/\/wp.ufpel.edu.br\/representacoesinstitucionais\/wp-json\/wp\/v2\/posts\/605\/revisions\/609"}],"wp:attachment":[{"href":"https:\/\/wp.ufpel.edu.br\/representacoesinstitucionais\/wp-json\/wp\/v2\/media?parent=605"}],"wp:term":[{"taxonomy":"category","embeddable":true,"href":"https:\/\/wp.ufpel.edu.br\/representacoesinstitucionais\/wp-json\/wp\/v2\/categories?post=605"},{"taxonomy":"post_tag","embeddable":true,"href":"https:\/\/wp.ufpel.edu.br\/representacoesinstitucionais\/wp-json\/wp\/v2\/tags?post=605"}],"curies":[{"name":"wp","href":"https:\/\/api.w.org\/{rel}","templated":true}]}}