{"id":1157,"date":"2025-10-06T17:46:28","date_gmt":"2025-10-06T20:46:28","guid":{"rendered":"https:\/\/wp.ufpel.edu.br\/representacoesinstitucionais\/?p=1157"},"modified":"2025-10-06T18:39:04","modified_gmt":"2025-10-06T21:39:04","slug":"ufpel-na-pelotas-film-comission","status":"publish","type":"post","link":"https:\/\/wp.ufpel.edu.br\/representacoesinstitucionais\/2025\/10\/06\/ufpel-na-pelotas-film-comission\/","title":{"rendered":"UFPel na Pelotas Film Commission"},"content":{"rendered":"<p style=\"text-align: justify;\">A UFPel est\u00e1 participando do <strong>Conselho Consultivo da Pelotas Film Commission<\/strong>, recentemente ativado pelo Decreto Municipal n\u00ba 7.027 de 7 de maio de 2025, e vinculado \u00e0 Secretaria Municipal de Cultura &#8211; SECULT.<\/p>\n<p style=\"text-align: justify;\">A Pelotas Film Commission atua como elo facilitador entre produ\u00e7\u00f5es audiovisuais e a cidade de Pelotas, oferecendo suporte log\u00edstico, institucional e t\u00e9cnico para a realiza\u00e7\u00e3o de filmagens no munic\u00edpio, com a atribui\u00e7\u00e3o de receber, processar e deliberar acerca dos pedidos de filmagens e grava\u00e7\u00f5es na cidade de Pelotas, oferecendo atendimento a produtores com estrutura e log\u00edstica necess\u00e1rias. O trabalho envolve o acolhimento de produ\u00e7\u00f5es nacionais e internacionais, o apoio na obten\u00e7\u00e3o de autoriza\u00e7\u00f5es e no uso de espa\u00e7os p\u00fablicos, bem como a promo\u00e7\u00e3o do patrim\u00f4nio hist\u00f3rico, cultural e paisag\u00edstico da cidade como loca\u00e7\u00e3o cinematogr\u00e1fica.<\/p>\n<p style=\"text-align: justify;\">Representam a institui\u00e7\u00e3o a <strong>Prof\u00aa Li\u00e2ngela Carret Xavier<\/strong>, titular, e <strong>Prof. Alexandre Severo Masotti, <\/strong>suplente, ambos lotados no Centro de Artes.<\/p>\n<p style=\"text-align: justify;\"><img loading=\"lazy\" decoding=\"async\" class=\"aligncenter wp-image-1158 size-medium\" src=\"https:\/\/wp.ufpel.edu.br\/representacoesinstitucionais\/files\/2025\/10\/WhatsApp-Image-2025-08-05-at-14.02.31-300x400.jpeg\" alt=\"\" width=\"300\" height=\"400\" srcset=\"https:\/\/wp.ufpel.edu.br\/representacoesinstitucionais\/files\/2025\/10\/WhatsApp-Image-2025-08-05-at-14.02.31-300x400.jpeg 300w, https:\/\/wp.ufpel.edu.br\/representacoesinstitucionais\/files\/2025\/10\/WhatsApp-Image-2025-08-05-at-14.02.31-768x1024.jpeg 768w, https:\/\/wp.ufpel.edu.br\/representacoesinstitucionais\/files\/2025\/10\/WhatsApp-Image-2025-08-05-at-14.02.31-1152x1536.jpeg 1152w, https:\/\/wp.ufpel.edu.br\/representacoesinstitucionais\/files\/2025\/10\/WhatsApp-Image-2025-08-05-at-14.02.31-600x800.jpeg 600w, https:\/\/wp.ufpel.edu.br\/representacoesinstitucionais\/files\/2025\/10\/WhatsApp-Image-2025-08-05-at-14.02.31-945x1260.jpeg 945w, https:\/\/wp.ufpel.edu.br\/representacoesinstitucionais\/files\/2025\/10\/WhatsApp-Image-2025-08-05-at-14.02.31.jpeg 1200w\" sizes=\"auto, (max-width: 300px) 100vw, 300px\" \/><\/p>\n<p style=\"text-align: justify;\">Al\u00e9m da atua\u00e7\u00e3o no colegiado para atendimento \u00e0s demandas, a participa\u00e7\u00e3o da universidade prev\u00ea, especificamente: contribuir com expertise t\u00e9cnica e acad\u00eamica para o desenvolvimento do setor audiovisual local; promover a forma\u00e7\u00e3o e a capacita\u00e7\u00e3o de profissionais do setor; desenvolver pesquisas e projetos relacionados ao audiovisual e articular parcerias com outras institui\u00e7\u00f5es de ensino e de pesquisa.<\/p>\n<p style=\"text-align: justify;\">Atuando junto ao Conselho Consultivo a UFPel se soma ao objetivo de contribuir para o fortalecimento da economia criativa local, incentivando a gera\u00e7\u00e3o de empregos e o desenvolvimento do setor audiovisual na regi\u00e3o.<\/p>\n","protected":false},"excerpt":{"rendered":"<p>A UFPel est\u00e1 participando do Conselho Consultivo da Pelotas Film Commission, recentemente ativado pelo Decreto Municipal n\u00ba 7.027 de 7 de maio de 2025, e vinculado \u00e0 Secretaria Municipal de Cultura &#8211; SECULT. A Pelotas Film Commission atua como elo&#8230; <a class=\"more-link\" href=\"https:\/\/wp.ufpel.edu.br\/representacoesinstitucionais\/2025\/10\/06\/ufpel-na-pelotas-film-comission\/\">Continue lendo &rarr;<\/a><\/p>\n","protected":false},"author":1150,"featured_media":0,"comment_status":"closed","ping_status":"closed","sticky":false,"template":"","format":"standard","meta":{"footnotes":""},"categories":[1],"tags":[],"class_list":["post-1157","post","type-post","status-publish","format-standard","hentry","category-noticias"],"jetpack_featured_media_url":"","_links":{"self":[{"href":"https:\/\/wp.ufpel.edu.br\/representacoesinstitucionais\/wp-json\/wp\/v2\/posts\/1157","targetHints":{"allow":["GET"]}}],"collection":[{"href":"https:\/\/wp.ufpel.edu.br\/representacoesinstitucionais\/wp-json\/wp\/v2\/posts"}],"about":[{"href":"https:\/\/wp.ufpel.edu.br\/representacoesinstitucionais\/wp-json\/wp\/v2\/types\/post"}],"author":[{"embeddable":true,"href":"https:\/\/wp.ufpel.edu.br\/representacoesinstitucionais\/wp-json\/wp\/v2\/users\/1150"}],"replies":[{"embeddable":true,"href":"https:\/\/wp.ufpel.edu.br\/representacoesinstitucionais\/wp-json\/wp\/v2\/comments?post=1157"}],"version-history":[{"count":4,"href":"https:\/\/wp.ufpel.edu.br\/representacoesinstitucionais\/wp-json\/wp\/v2\/posts\/1157\/revisions"}],"predecessor-version":[{"id":1165,"href":"https:\/\/wp.ufpel.edu.br\/representacoesinstitucionais\/wp-json\/wp\/v2\/posts\/1157\/revisions\/1165"}],"wp:attachment":[{"href":"https:\/\/wp.ufpel.edu.br\/representacoesinstitucionais\/wp-json\/wp\/v2\/media?parent=1157"}],"wp:term":[{"taxonomy":"category","embeddable":true,"href":"https:\/\/wp.ufpel.edu.br\/representacoesinstitucionais\/wp-json\/wp\/v2\/categories?post=1157"},{"taxonomy":"post_tag","embeddable":true,"href":"https:\/\/wp.ufpel.edu.br\/representacoesinstitucionais\/wp-json\/wp\/v2\/tags?post=1157"}],"curies":[{"name":"wp","href":"https:\/\/api.w.org\/{rel}","templated":true}]}}