{"id":55,"date":"2024-09-03T20:26:47","date_gmt":"2024-09-03T23:26:47","guid":{"rendered":"https:\/\/wp.ufpel.edu.br\/redeteabrasil\/?p=55"},"modified":"2025-08-14T19:54:45","modified_gmt":"2025-08-14T22:54:45","slug":"trabalhos-apresentados-no-4o-conlubra","status":"publish","type":"post","link":"https:\/\/wp.ufpel.edu.br\/redeteabrasil\/2024\/09\/03\/trabalhos-apresentados-no-4o-conlubra\/","title":{"rendered":"Trabalhos apresentados no 4\u00ba CONLUBRA"},"content":{"rendered":"<p>Estivemos no 4\u00ba Congresso Luso-Brasileiro &#8211; TEA e educa\u00e7\u00e3o inclusiva &#8211; CONLUBRA!<\/p>\n<p>O evento aconteceu no Campus Cap\u00e3o do Le\u00e3o da Universidade Federal de Pelotas &#8211; UFPel, durante os dias 21 a 23 de agosto.<\/p>\n<p>A Rede TEA Brasil esteve presente com a apresenta\u00e7\u00e3o de dois trabalhos, o primeiro sobre \u201cPanorama de legisla\u00e7\u00f5es direcionadas \u00e0 sa\u00fade no Transtorno do Espectro do Autismo no Rio Grande do Sul\u201d, apresentado por Eduarda Silva e o segundo sobre \u201cEduca\u00e7\u00e3o Nutricional para pais e cuidadores de crian\u00e7as e adolescentes com Transtorno do Espectro do Autismo\u201d, apresentado por Laura Hoffmann.<\/p>\n<div id=\"attachment_62\" style=\"width: 410px\" class=\"wp-caption aligncenter\"><img loading=\"lazy\" decoding=\"async\" aria-describedby=\"caption-attachment-62\" class=\"wp-image-62\" src=\"https:\/\/wp.ufpel.edu.br\/redeteabrasil\/files\/2024\/08\/laura-e-eduarda-trabalhos-2-300x400.jpg\" alt=\"\" width=\"400\" height=\"533\" \/><p id=\"caption-attachment-62\" class=\"wp-caption-text\">Laura Hoffmann e Eduarda Silva no 4\u00ba CONLUBRA.<\/p><\/div>\n<p>&nbsp;<\/p>\n<p>Confira os resumos apresentados:<\/p>\n<p><a href=\"https:\/\/wp.ufpel.edu.br\/redeteabrasil\/files\/2024\/08\/Resumo-Eduarda.pdf\">Resumo &#8220;Panorama de legisla\u00e7\u00f5es direcionadas \u00e0 sa\u00fade no Transtorno do Espectro do Autismo no Rio Grande do Sul&#8221;<\/a><\/p>\n<p><a href=\"https:\/\/wp.ufpel.edu.br\/redeteabrasil\/files\/2024\/08\/Resumo-Laura.pdf\">Resumo \u201cEduca\u00e7\u00e3o Nutricional para pais e cuidadores de crian\u00e7as e adolescentes com Transtorno do Espectro do Autismo\u201d<\/a><\/p>\n<p>&nbsp;<\/p>\n<p>&nbsp;<\/p>\n","protected":false},"excerpt":{"rendered":"<p>Estivemos no 4\u00ba Congresso Luso-Brasileiro &#8211; TEA e educa\u00e7\u00e3o inclusiva &#8211; CONLUBRA! O evento aconteceu no Campus Cap\u00e3o do Le\u00e3o da Universidade Federal de Pelotas &#8211; UFPel, durante os dias 21 a 23 de agosto. A Rede TEA Brasil esteve presente com a apresenta\u00e7\u00e3o de dois trabalhos, o primeiro sobre \u201cPanorama de legisla\u00e7\u00f5es direcionadas \u00e0 [&hellip;]<\/p>\n","protected":false},"author":1375,"featured_media":62,"comment_status":"closed","ping_status":"closed","sticky":false,"template":"","format":"standard","meta":{"_jetpack_memberships_contains_paid_content":false,"footnotes":"","jetpack_publicize_message":"","jetpack_publicize_feature_enabled":true,"jetpack_social_post_already_shared":true,"jetpack_social_options":{"image_generator_settings":{"template":"highway","default_image_id":0,"font":"","enabled":false},"version":2}},"categories":[1],"tags":[],"class_list":{"0":"post-55","1":"post","2":"type-post","3":"status-publish","4":"format-standard","5":"has-post-thumbnail","6":"hentry","7":"category-noticias","9":"post-with-thumbnail","10":"post-with-thumbnail-large"},"jetpack_publicize_connections":[],"jetpack_featured_media_url":"https:\/\/wp.ufpel.edu.br\/redeteabrasil\/files\/2024\/08\/laura-e-eduarda-trabalhos-2-e1755212016709.jpg","jetpack_sharing_enabled":true,"_links":{"self":[{"href":"https:\/\/wp.ufpel.edu.br\/redeteabrasil\/wp-json\/wp\/v2\/posts\/55","targetHints":{"allow":["GET"]}}],"collection":[{"href":"https:\/\/wp.ufpel.edu.br\/redeteabrasil\/wp-json\/wp\/v2\/posts"}],"about":[{"href":"https:\/\/wp.ufpel.edu.br\/redeteabrasil\/wp-json\/wp\/v2\/types\/post"}],"author":[{"embeddable":true,"href":"https:\/\/wp.ufpel.edu.br\/redeteabrasil\/wp-json\/wp\/v2\/users\/1375"}],"replies":[{"embeddable":true,"href":"https:\/\/wp.ufpel.edu.br\/redeteabrasil\/wp-json\/wp\/v2\/comments?post=55"}],"version-history":[{"count":7,"href":"https:\/\/wp.ufpel.edu.br\/redeteabrasil\/wp-json\/wp\/v2\/posts\/55\/revisions"}],"predecessor-version":[{"id":103,"href":"https:\/\/wp.ufpel.edu.br\/redeteabrasil\/wp-json\/wp\/v2\/posts\/55\/revisions\/103"}],"wp:featuredmedia":[{"embeddable":true,"href":"https:\/\/wp.ufpel.edu.br\/redeteabrasil\/wp-json\/wp\/v2\/media\/62"}],"wp:attachment":[{"href":"https:\/\/wp.ufpel.edu.br\/redeteabrasil\/wp-json\/wp\/v2\/media?parent=55"}],"wp:term":[{"taxonomy":"category","embeddable":true,"href":"https:\/\/wp.ufpel.edu.br\/redeteabrasil\/wp-json\/wp\/v2\/categories?post=55"},{"taxonomy":"post_tag","embeddable":true,"href":"https:\/\/wp.ufpel.edu.br\/redeteabrasil\/wp-json\/wp\/v2\/tags?post=55"}],"curies":[{"name":"wp","href":"https:\/\/api.w.org\/{rel}","templated":true}]}}