{"id":898,"date":"2019-09-12T16:03:07","date_gmt":"2019-09-12T19:03:07","guid":{"rendered":"https:\/\/wp.ufpel.edu.br\/rededemuseusdaufpel\/?p=898"},"modified":"2021-04-16T01:04:23","modified_gmt":"2021-04-16T04:04:23","slug":"hisales-apresenta-a-mostra-vidas-de-professoras","status":"publish","type":"post","link":"https:\/\/wp.ufpel.edu.br\/rededemuseusdaufpel\/2019\/09\/12\/hisales-apresenta-a-mostra-vidas-de-professoras\/","title":{"rendered":"HISALES apresenta a mostra &#8220;Vidas de Professoras&#8221;"},"content":{"rendered":"<p style=\"text-align: left\">At\u00e9 o dia 31 de outubro, no Centro de mem\u00f3ria e de pesquisa HISALES \u2013 Hist\u00f3ria da Alfabetiza\u00e7\u00e3o, Leitura, Escrita e dos Livros Escolares, voc\u00ea pode conferir a mostra \u201cVidas de Professoras\u201d, que apresenta um conjunto de materiais representativos da trajet\u00f3ria profissional de professoras.<\/p>\n<p style=\"text-align: left\">A mostra foi feita em parceria com o col\u00f3quio \u201cPedagogia do Imagin\u00e1rio \u2013 Matrizes On\u00edricas de uma Escola Viva!\u201d, que aconteceu no m\u00eas de agosto na Universidade Federal de Pelotas (UFPel),\u00a0 organizado pelo grupo de pesquisa GEPIEM, coordenado pela Profa. Dra. L\u00facia Peres, da Faculdade de Educa\u00e7\u00e3o (FaE) da UFPel.<\/p>\n<div id=\"attachment_903\" style=\"width: 410px\" class=\"wp-caption aligncenter\"><img data-recalc-dims=\"1\" aria-describedby=\"caption-attachment-903\" data-attachment-id=\"903\" data-permalink=\"https:\/\/wp.ufpel.edu.br\/rededemuseusdaufpel\/2019\/09\/12\/hisales-apresenta-a-mostra-vidas-de-professoras\/attachment\/10\/\" data-orig-file=\"https:\/\/i0.wp.com\/wp.ufpel.edu.br\/rededemuseusdaufpel\/files\/2019\/09\/10.jpg?fit=4928%2C3264&amp;ssl=1\" data-orig-size=\"4928,3264\" data-comments-opened=\"0\" data-image-meta=\"{&quot;aperture&quot;:&quot;0&quot;,&quot;credit&quot;:&quot;&quot;,&quot;camera&quot;:&quot;&quot;,&quot;caption&quot;:&quot;&quot;,&quot;created_timestamp&quot;:&quot;0&quot;,&quot;copyright&quot;:&quot;&quot;,&quot;focal_length&quot;:&quot;0&quot;,&quot;iso&quot;:&quot;0&quot;,&quot;shutter_speed&quot;:&quot;0&quot;,&quot;title&quot;:&quot;&quot;,&quot;orientation&quot;:&quot;0&quot;}\" data-image-title=\"10\" data-image-description=\"\" data-image-caption=\"&lt;p&gt;Estante com cartilhas de alfabetiza\u00e7\u00e3o.&lt;\/p&gt;\n\" data-medium-file=\"https:\/\/i0.wp.com\/wp.ufpel.edu.br\/rededemuseusdaufpel\/files\/2019\/09\/10.jpg?fit=400%2C265&amp;ssl=1\" data-large-file=\"https:\/\/i0.wp.com\/wp.ufpel.edu.br\/rededemuseusdaufpel\/files\/2019\/09\/10.jpg?fit=1024%2C678&amp;ssl=1\" class=\"wp-image-903 size-medium\" src=\"https:\/\/i0.wp.com\/wp.ufpel.edu.br\/rededemuseusdaufpel\/files\/2019\/09\/10.jpg?resize=400%2C265&#038;ssl=1\" alt=\"\" width=\"400\" height=\"265\" srcset=\"https:\/\/i0.wp.com\/wp.ufpel.edu.br\/rededemuseusdaufpel\/files\/2019\/09\/10.jpg?resize=400%2C265&amp;ssl=1 400w, https:\/\/i0.wp.com\/wp.ufpel.edu.br\/rededemuseusdaufpel\/files\/2019\/09\/10.jpg?resize=768%2C509&amp;ssl=1 768w, https:\/\/i0.wp.com\/wp.ufpel.edu.br\/rededemuseusdaufpel\/files\/2019\/09\/10.jpg?resize=1024%2C678&amp;ssl=1 1024w, https:\/\/i0.wp.com\/wp.ufpel.edu.br\/rededemuseusdaufpel\/files\/2019\/09\/10.jpg?w=2000&amp;ssl=1 2000w, https:\/\/i0.wp.com\/wp.ufpel.edu.br\/rededemuseusdaufpel\/files\/2019\/09\/10.jpg?w=3000&amp;ssl=1 3000w\" sizes=\"(max-width: 400px) 100vw, 400px\" \/><p id=\"caption-attachment-903\" class=\"wp-caption-text\">Estante com cartilhas de alfabetiza\u00e7\u00e3o.<\/p><\/div>\n<p style=\"text-align: left\">A professora Chris Ramil, coordenadora do Centro, ao lado das docentes Eliane Peres e Vania Thies, explica que a ideia da mostra \u00e9 revelar a quem a visita um pouco do dia a dia das professoras, o processo de forma\u00e7\u00e3o profissional, os m\u00e9todos e mat\u00e9rias did\u00e1ticos produzidos por elas que as auxiliavam no trabalho realizado em sala de aula. <strong>\u201cMostrar alguns registros que servem de mem\u00f3ria e de refer\u00eancia para valorizar esse trabalho, que \u00e0s vezes acaba passando despercebido\u201d<\/strong>, complementa a professora.<\/p>\n<p style=\"text-align: left\">A exposi\u00e7\u00e3o conta com uma variedade de itens de diferentes \u00e9pocas. Nas mesas da mostra encontramos livros did\u00e1ticos produzidos por professoras ga\u00fachas entre as d\u00e9cadas de 40 e 80, livros de mem\u00f3rias, biografias de docentes brasileiros e estrangeiros, estatutos de magist\u00e9rio, documentos profissionais, materiais did\u00e1tico-pedag\u00f3gicos, cadernos de planejamentos, di\u00e1rios de classe, cartilhas de alfabetiza\u00e7\u00e3o, reportagens, fotografias, entre outros objetos.<\/p>\n<p style=\"text-align: left\">Uma das mesas destaca a Escola Normal, institui\u00e7\u00e3o existente no Brasil desde o s\u00e9culo XIX. At\u00e9 1971, quando a Lei de Diretrizes e Bases da Educa\u00e7\u00e3o (LDB) foi implementada, as Escolas Normais eram as principais respons\u00e1veis pela forma\u00e7\u00e3o dos professores de ensino prim\u00e1rio do pa\u00eds.<\/p>\n<div id=\"attachment_901\" style=\"width: 410px\" class=\"wp-caption aligncenter\"><img data-recalc-dims=\"1\" aria-describedby=\"caption-attachment-901\" data-attachment-id=\"901\" data-permalink=\"https:\/\/wp.ufpel.edu.br\/rededemuseusdaufpel\/2019\/09\/12\/hisales-apresenta-a-mostra-vidas-de-professoras\/attachment\/06\/\" data-orig-file=\"https:\/\/i0.wp.com\/wp.ufpel.edu.br\/rededemuseusdaufpel\/files\/2019\/09\/06.jpg?fit=4928%2C3264&amp;ssl=1\" data-orig-size=\"4928,3264\" data-comments-opened=\"0\" data-image-meta=\"{&quot;aperture&quot;:&quot;0&quot;,&quot;credit&quot;:&quot;&quot;,&quot;camera&quot;:&quot;&quot;,&quot;caption&quot;:&quot;&quot;,&quot;created_timestamp&quot;:&quot;0&quot;,&quot;copyright&quot;:&quot;&quot;,&quot;focal_length&quot;:&quot;0&quot;,&quot;iso&quot;:&quot;0&quot;,&quot;shutter_speed&quot;:&quot;0&quot;,&quot;title&quot;:&quot;&quot;,&quot;orientation&quot;:&quot;0&quot;}\" data-image-title=\"06\" data-image-description=\"\" data-image-caption=\"\" data-medium-file=\"https:\/\/i0.wp.com\/wp.ufpel.edu.br\/rededemuseusdaufpel\/files\/2019\/09\/06.jpg?fit=400%2C265&amp;ssl=1\" data-large-file=\"https:\/\/i0.wp.com\/wp.ufpel.edu.br\/rededemuseusdaufpel\/files\/2019\/09\/06.jpg?fit=1024%2C678&amp;ssl=1\" class=\"wp-image-901 size-medium\" src=\"https:\/\/i0.wp.com\/wp.ufpel.edu.br\/rededemuseusdaufpel\/files\/2019\/09\/06.jpg?resize=400%2C265&#038;ssl=1\" alt=\"\" width=\"400\" height=\"265\" srcset=\"https:\/\/i0.wp.com\/wp.ufpel.edu.br\/rededemuseusdaufpel\/files\/2019\/09\/06.jpg?resize=400%2C265&amp;ssl=1 400w, https:\/\/i0.wp.com\/wp.ufpel.edu.br\/rededemuseusdaufpel\/files\/2019\/09\/06.jpg?resize=768%2C509&amp;ssl=1 768w, https:\/\/i0.wp.com\/wp.ufpel.edu.br\/rededemuseusdaufpel\/files\/2019\/09\/06.jpg?resize=1024%2C678&amp;ssl=1 1024w, https:\/\/i0.wp.com\/wp.ufpel.edu.br\/rededemuseusdaufpel\/files\/2019\/09\/06.jpg?w=2000&amp;ssl=1 2000w, https:\/\/i0.wp.com\/wp.ufpel.edu.br\/rededemuseusdaufpel\/files\/2019\/09\/06.jpg?w=3000&amp;ssl=1 3000w\" sizes=\"(max-width: 400px) 100vw, 400px\" \/><p id=\"caption-attachment-901\" class=\"wp-caption-text\">Itens na mesa da Escola Normal.<\/p><\/div>\n<p style=\"text-align: left\">Uma das atra\u00e7\u00f5es da mostra que est\u00e1 sendo sucesso entre as pessoas que a visitam \u00e9 o hect\u00f3grafo, precursor do mime\u00f3grafo e das m\u00e1quinas copiadoras atuais. A professora Chris Ramil conta que os suportes eram feitas pelas pr\u00f3prias professoras em suas casas utilizando gelatina, glicerina, a\u00e7\u00facar e vinagre. O trabalho com o hect\u00f3grafo \u00e9 totalmente manual, no qual cada c\u00f3pia precisa ser feita individualmente. <strong>\u201cAs professoras tinham que fazer isso [o processo de impress\u00e3o] 30, 40, 50 vezes, cada c\u00f3pia era para um aluno. A gente v\u00ea nesses processos o quanto elas usavam o seu tempo para esse trabalho que \u00e0s vezes n\u00e3o aparece e que as pessoas n\u00e3o valorizam. [O trabalho era mais do que] estar em sala de aula\u201d<\/strong>, acrescenta Ramil.<\/p>\n<div id=\"attachment_902\" style=\"width: 410px\" class=\"wp-caption aligncenter\"><img data-recalc-dims=\"1\" aria-describedby=\"caption-attachment-902\" data-attachment-id=\"902\" data-permalink=\"https:\/\/wp.ufpel.edu.br\/rededemuseusdaufpel\/2019\/09\/12\/hisales-apresenta-a-mostra-vidas-de-professoras\/73-2\/\" data-orig-file=\"https:\/\/i0.wp.com\/wp.ufpel.edu.br\/rededemuseusdaufpel\/files\/2019\/09\/73.jpg?fit=1149%2C751&amp;ssl=1\" data-orig-size=\"1149,751\" data-comments-opened=\"0\" data-image-meta=\"{&quot;aperture&quot;:&quot;0&quot;,&quot;credit&quot;:&quot;&quot;,&quot;camera&quot;:&quot;&quot;,&quot;caption&quot;:&quot;&quot;,&quot;created_timestamp&quot;:&quot;0&quot;,&quot;copyright&quot;:&quot;&quot;,&quot;focal_length&quot;:&quot;0&quot;,&quot;iso&quot;:&quot;0&quot;,&quot;shutter_speed&quot;:&quot;0&quot;,&quot;title&quot;:&quot;&quot;,&quot;orientation&quot;:&quot;0&quot;}\" data-image-title=\"73\" data-image-description=\"\" data-image-caption=\"&lt;p&gt;Exemplar de hect\u00f3grafo presente na mostra. &lt;\/p&gt;\n\" data-medium-file=\"https:\/\/i0.wp.com\/wp.ufpel.edu.br\/rededemuseusdaufpel\/files\/2019\/09\/73.jpg?fit=400%2C261&amp;ssl=1\" data-large-file=\"https:\/\/i0.wp.com\/wp.ufpel.edu.br\/rededemuseusdaufpel\/files\/2019\/09\/73.jpg?fit=1024%2C669&amp;ssl=1\" class=\"wp-image-902 size-medium\" src=\"https:\/\/i0.wp.com\/wp.ufpel.edu.br\/rededemuseusdaufpel\/files\/2019\/09\/73.jpg?resize=400%2C261&#038;ssl=1\" alt=\"\" width=\"400\" height=\"261\" srcset=\"https:\/\/i0.wp.com\/wp.ufpel.edu.br\/rededemuseusdaufpel\/files\/2019\/09\/73.jpg?resize=400%2C261&amp;ssl=1 400w, https:\/\/i0.wp.com\/wp.ufpel.edu.br\/rededemuseusdaufpel\/files\/2019\/09\/73.jpg?resize=768%2C502&amp;ssl=1 768w, https:\/\/i0.wp.com\/wp.ufpel.edu.br\/rededemuseusdaufpel\/files\/2019\/09\/73.jpg?resize=1024%2C669&amp;ssl=1 1024w, https:\/\/i0.wp.com\/wp.ufpel.edu.br\/rededemuseusdaufpel\/files\/2019\/09\/73.jpg?w=1149&amp;ssl=1 1149w\" sizes=\"(max-width: 400px) 100vw, 400px\" \/><p id=\"caption-attachment-902\" class=\"wp-caption-text\">Exemplar de hect\u00f3grafo produzido por Joseane Monks e presente na mostra.<\/p><\/div>\n<p style=\"text-align: left\">Aproveite sua visita para conhecer os acervos do Centro, que contam uma parte da hist\u00f3ria da educa\u00e7\u00e3o brasileira, e a exposi\u00e7\u00e3o permanente do centro que remonta uma sala de aula.<\/p>\n<p style=\"text-align: left\">O HISALES est\u00e1 localizado na sala 101H (p\u00e1tio) do Campus II da UFPel (Rua Almirante Barroso, 1202, Pelotas). O Hor\u00e1rio de funcionamento \u00e9 de segunda a sexta-feira, das 8h30 \u00e0s 11h30 e das 14h \u00e0s 17h30. Para grupos com mais de cinco pessoas \u00e9 solicitado agendamento, que pode ser realizado atrav\u00e9s do e-mail grupohisales@gmail.com.<\/p>\n","protected":false},"excerpt":{"rendered":"<p>At\u00e9 o dia 31 de outubro, no Centro de mem\u00f3ria e de pesquisa HISALES \u2013 Hist\u00f3ria da Alfabetiza\u00e7\u00e3o, Leitura, Escrita e dos Livros Escolares, voc\u00ea pode conferir a mostra \u201cVidas de Professoras\u201d, que apresenta um conjunto de materiais representativos da trajet\u00f3ria profissional de professoras. A mostra foi feita em parceria com o col\u00f3quio \u201cPedagogia do [&hellip;]<\/p>\n","protected":false},"author":722,"featured_media":0,"comment_status":"closed","ping_status":"closed","sticky":false,"template":"","format":"standard","meta":{"jetpack_post_was_ever_published":false,"_jetpack_newsletter_access":"","_jetpack_dont_email_post_to_subs":false,"_jetpack_newsletter_tier_id":0,"_jetpack_memberships_contains_paywalled_content":false,"_jetpack_memberships_contains_paid_content":false,"footnotes":"","jetpack_publicize_message":"","jetpack_publicize_feature_enabled":true,"jetpack_social_post_already_shared":true,"jetpack_social_options":{"image_generator_settings":{"template":"highway","default_image_id":0,"font":"","enabled":false},"version":2}},"categories":[1],"tags":[16,18,19,13],"class_list":["post-898","post","type-post","status-publish","format-standard","hentry","category-noticias","tag-exposicao","tag-hisales","tag-mostra","tag-rede-de-museus-da-ufpel"],"jetpack_publicize_connections":[],"jetpack_featured_media_url":"","jetpack_sharing_enabled":true,"jetpack_shortlink":"https:\/\/wp.me\/p8I7ve-eu","jetpack-related-posts":[{"id":1952,"url":"https:\/\/wp.ufpel.edu.br\/rededemuseusdaufpel\/2021\/05\/26\/com-seminario-e-exposicoes-rede-de-museus-da-ufpel-participa-da-19a-semana-nacional-de-museus\/","url_meta":{"origin":898,"position":0},"title":"Com semin\u00e1rio e exposi\u00e7\u00f5es, Rede de Museus da UFPel participa da 19\u00aa Semana Nacional de Museus","author":"rededemuseusdaufpel","date":"26 de maio de 2021","format":false,"excerpt":"Entre 17 e 23 de maio, a Rede de Museus da Pr\u00f3-Reitoria de Extens\u00e3o e Cultura da Universidade Federal de Pelotas (PREC\/UFPel) realizou a Semana dos Museus da UFPel 2021. O evento integrou a 19\u00aa Semana Nacional de Museus (SNM), temporada cultural coordenada pelo Instituto Brasileiro de Museus (Ibram) que\u2026","rel":"","context":"Em &quot;Not\u00edcias&quot;","block_context":{"text":"Not\u00edcias","link":"https:\/\/wp.ufpel.edu.br\/rededemuseusdaufpel\/category\/noticias\/"},"img":{"alt_text":"","src":"https:\/\/i0.wp.com\/wp.ufpel.edu.br\/rededemuseusdaufpel\/files\/2021\/05\/Screenshot_20210517-213927_Instagram.jpg?resize=350%2C200&ssl=1","width":350,"height":200,"srcset":"https:\/\/i0.wp.com\/wp.ufpel.edu.br\/rededemuseusdaufpel\/files\/2021\/05\/Screenshot_20210517-213927_Instagram.jpg?resize=350%2C200&ssl=1 1x, https:\/\/i0.wp.com\/wp.ufpel.edu.br\/rededemuseusdaufpel\/files\/2021\/05\/Screenshot_20210517-213927_Instagram.jpg?resize=525%2C300&ssl=1 1.5x, https:\/\/i0.wp.com\/wp.ufpel.edu.br\/rededemuseusdaufpel\/files\/2021\/05\/Screenshot_20210517-213927_Instagram.jpg?resize=700%2C400&ssl=1 2x, https:\/\/i0.wp.com\/wp.ufpel.edu.br\/rededemuseusdaufpel\/files\/2021\/05\/Screenshot_20210517-213927_Instagram.jpg?resize=1050%2C600&ssl=1 3x"},"classes":[]},{"id":1888,"url":"https:\/\/wp.ufpel.edu.br\/rededemuseusdaufpel\/2021\/04\/08\/semana-dos-museus-da-ufpel-2021-confira-a-programacao-completa\/","url_meta":{"origin":898,"position":1},"title":"Semana dos Museus da UFPel 2021: confira a programa\u00e7\u00e3o completa","author":"rededemuseusdaufpel","date":"8 de abril de 2021","format":false,"excerpt":"A Rede de Museus da Pr\u00f3-Reitoria de Extens\u00e3o e Cultura da Universidade Federal de Pelotas (PREC\/UFPel) divulga a programa\u00e7\u00e3o da Semana dos Museus da UFPel 2021, que acontece entre os dias 17 e 23 de maio. A participa\u00e7\u00e3o \u00e9 gratuita e aberta a todos. Entre as atividades promovidas pela Rede\u2026","rel":"","context":"Em &quot;Not\u00edcias&quot;","block_context":{"text":"Not\u00edcias","link":"https:\/\/wp.ufpel.edu.br\/rededemuseusdaufpel\/category\/noticias\/"},"img":{"alt_text":"","src":"https:\/\/i0.wp.com\/wp.ufpel.edu.br\/rededemuseusdaufpel\/files\/2021\/04\/Semana-dos-Museus-da-ufpel-2021-1-200x200.png?resize=350%2C200&ssl=1","width":350,"height":200},"classes":[]},{"id":934,"url":"https:\/\/wp.ufpel.edu.br\/rededemuseusdaufpel\/2019\/10\/19\/de-medeleines-e-pirulitos-o-doce-na-infancia-museu-do-doce-abre-nova-exposicao\/","url_meta":{"origin":898,"position":2},"title":"&#8220;De Medeleines e Pirulitos: O Doce na Inf\u00e2ncia&#8221;: Museu do Doce abre nova exposi\u00e7\u00e3o","author":"rededemuseusdaufpel","date":"19 de outubro de 2019","format":false,"excerpt":"Em quais mem\u00f3rias da sua inf\u00e2ncia os doces est\u00e3o presentes? Talvez venha a sua mente uma festa de anivers\u00e1rio na qual voc\u00ea pegou um brigadeiro antes do parab\u00e9ns ou ficou ansioso para pegar os doces do bexig\u00e3o que estava prestes a ser estourado. Ou a lembran\u00e7a de sua m\u00e3e ou\u2026","rel":"","context":"Em &quot;Not\u00edcias&quot;","block_context":{"text":"Not\u00edcias","link":"https:\/\/wp.ufpel.edu.br\/rededemuseusdaufpel\/category\/noticias\/"},"img":{"alt_text":"","src":"https:\/\/i0.wp.com\/wp.ufpel.edu.br\/rededemuseusdaufpel\/files\/2019\/10\/21-min.jpg?resize=350%2C200","width":350,"height":200,"srcset":"https:\/\/i0.wp.com\/wp.ufpel.edu.br\/rededemuseusdaufpel\/files\/2019\/10\/21-min.jpg?resize=350%2C200 1x, https:\/\/i0.wp.com\/wp.ufpel.edu.br\/rededemuseusdaufpel\/files\/2019\/10\/21-min.jpg?resize=525%2C300 1.5x, https:\/\/i0.wp.com\/wp.ufpel.edu.br\/rededemuseusdaufpel\/files\/2019\/10\/21-min.jpg?resize=700%2C400 2x, https:\/\/i0.wp.com\/wp.ufpel.edu.br\/rededemuseusdaufpel\/files\/2019\/10\/21-min.jpg?resize=1050%2C600 3x, https:\/\/i0.wp.com\/wp.ufpel.edu.br\/rededemuseusdaufpel\/files\/2019\/10\/21-min.jpg?resize=1400%2C800 4x"},"classes":[]},{"id":1283,"url":"https:\/\/wp.ufpel.edu.br\/rededemuseusdaufpel\/2020\/08\/13\/rede-de-museus-da-ufpel-participa-do-dia-estadual-do-patrimonio-2020\/","url_meta":{"origin":898,"position":3},"title":"Rede de Museus da UFPel participa do Dia Estadual do Patrim\u00f4nio 2020","author":"rededemuseusdaufpel","date":"13 de agosto de 2020","format":false,"excerpt":"A segunda edi\u00e7\u00e3o do Dia Estadual do Patrim\u00f4nio Cultural, promovido pela Secretaria de Estado da Cultura (Sedac-RS), j\u00e1 come\u00e7ou. E a Rede de Museus da Universidade Federal de Pelotas (UFPel) n\u00e3o vai ficar de fora deste evento que est\u00e1 mobilizando institui\u00e7\u00f5es culturais de todo o Rio Grande do Sul. Com\u2026","rel":"","context":"Em &quot;Not\u00edcias&quot;","block_context":{"text":"Not\u00edcias","link":"https:\/\/wp.ufpel.edu.br\/rededemuseusdaufpel\/category\/noticias\/"},"img":{"alt_text":"","src":"https:\/\/i0.wp.com\/wp.ufpel.edu.br\/rededemuseusdaufpel\/files\/2020\/08\/WhatsApp-Image-2020-08-13-at-14.37.45-400x400.jpeg?resize=350%2C200&ssl=1","width":350,"height":200},"classes":[]},{"id":960,"url":"https:\/\/wp.ufpel.edu.br\/rededemuseusdaufpel\/2019\/11\/01\/lancamento-de-livro-sobre-o-patrimonio-industrial-da-ufpel-abre-a-atividade-conversa-com-os-autores\/","url_meta":{"origin":898,"position":4},"title":"Lan\u00e7amento de livro sobre o patrim\u00f4nio industrial da UFPel abre a atividade &#8220;Conversa com os autores&#8221;","author":"rededemuseusdaufpel","date":"1 de novembro de 2019","format":false,"excerpt":"Na \u00faltima quarta-feira, dia 30 de outubro, teve in\u00edcio a 47\u00aa edi\u00e7\u00e3o da Feira do Livro de Pelotas, um dos mais tradicionais eventos da cidade. Como parte da programa\u00e7\u00e3o da Feira, a Pr\u00f3-Reitoria de Extens\u00e3o e Cultura da Universidade Federal de Pelotas (PREC\/UFPel) promove a atividade \u201cConversa com os autores\u201d.\u2026","rel":"","context":"Em &quot;Not\u00edcias&quot;","block_context":{"text":"Not\u00edcias","link":"https:\/\/wp.ufpel.edu.br\/rededemuseusdaufpel\/category\/noticias\/"},"img":{"alt_text":"","src":"https:\/\/i0.wp.com\/wp.ufpel.edu.br\/rededemuseusdaufpel\/files\/2019\/11\/t4-min.jpg?resize=350%2C200","width":350,"height":200,"srcset":"https:\/\/i0.wp.com\/wp.ufpel.edu.br\/rededemuseusdaufpel\/files\/2019\/11\/t4-min.jpg?resize=350%2C200 1x, https:\/\/i0.wp.com\/wp.ufpel.edu.br\/rededemuseusdaufpel\/files\/2019\/11\/t4-min.jpg?resize=525%2C300 1.5x, https:\/\/i0.wp.com\/wp.ufpel.edu.br\/rededemuseusdaufpel\/files\/2019\/11\/t4-min.jpg?resize=700%2C400 2x, https:\/\/i0.wp.com\/wp.ufpel.edu.br\/rededemuseusdaufpel\/files\/2019\/11\/t4-min.jpg?resize=1050%2C600 3x, https:\/\/i0.wp.com\/wp.ufpel.edu.br\/rededemuseusdaufpel\/files\/2019\/11\/t4-min.jpg?resize=1400%2C800 4x"},"classes":[]},{"id":1193,"url":"https:\/\/wp.ufpel.edu.br\/rededemuseusdaufpel\/2020\/06\/24\/publicados-os-anais-da-semana-dos-museus-da-ufpel-2019\/","url_meta":{"origin":898,"position":5},"title":"Publicados os Anais da Semana dos Museus da UFPel 2019","author":"rededemuseusdaufpel","date":"24 de junho de 2020","format":false,"excerpt":"Os Anais da Semana dos Museus da UFPel de 2019, publica\u00e7\u00e3o realizada pela Rede de Museus e Acervos Museol\u00f3gicos da Pr\u00f3-Reitoria de Extens\u00e3o e Cultura da Universidade Federal de Pelotas (UFPel), j\u00e1 est\u00e3o dispon\u00edveis no Portal de Peri\u00f3dicos da Universidade. O peri\u00f3dico, lan\u00e7ado durante o Semin\u00e1rio da Semana de Museus\u2026","rel":"","context":"Em &quot;Not\u00edcias&quot;","block_context":{"text":"Not\u00edcias","link":"https:\/\/wp.ufpel.edu.br\/rededemuseusdaufpel\/category\/noticias\/"},"img":{"alt_text":"","src":"https:\/\/i0.wp.com\/wp.ufpel.edu.br\/rededemuseusdaufpel\/files\/2020\/06\/cover_issue_974_pt_BR-e1593025027689.jpg?resize=350%2C200&ssl=1","width":350,"height":200},"classes":[]}],"_links":{"self":[{"href":"https:\/\/wp.ufpel.edu.br\/rededemuseusdaufpel\/wp-json\/wp\/v2\/posts\/898","targetHints":{"allow":["GET"]}}],"collection":[{"href":"https:\/\/wp.ufpel.edu.br\/rededemuseusdaufpel\/wp-json\/wp\/v2\/posts"}],"about":[{"href":"https:\/\/wp.ufpel.edu.br\/rededemuseusdaufpel\/wp-json\/wp\/v2\/types\/post"}],"author":[{"embeddable":true,"href":"https:\/\/wp.ufpel.edu.br\/rededemuseusdaufpel\/wp-json\/wp\/v2\/users\/722"}],"replies":[{"embeddable":true,"href":"https:\/\/wp.ufpel.edu.br\/rededemuseusdaufpel\/wp-json\/wp\/v2\/comments?post=898"}],"version-history":[{"count":6,"href":"https:\/\/wp.ufpel.edu.br\/rededemuseusdaufpel\/wp-json\/wp\/v2\/posts\/898\/revisions"}],"predecessor-version":[{"id":1904,"href":"https:\/\/wp.ufpel.edu.br\/rededemuseusdaufpel\/wp-json\/wp\/v2\/posts\/898\/revisions\/1904"}],"wp:attachment":[{"href":"https:\/\/wp.ufpel.edu.br\/rededemuseusdaufpel\/wp-json\/wp\/v2\/media?parent=898"}],"wp:term":[{"taxonomy":"category","embeddable":true,"href":"https:\/\/wp.ufpel.edu.br\/rededemuseusdaufpel\/wp-json\/wp\/v2\/categories?post=898"},{"taxonomy":"post_tag","embeddable":true,"href":"https:\/\/wp.ufpel.edu.br\/rededemuseusdaufpel\/wp-json\/wp\/v2\/tags?post=898"}],"curies":[{"name":"wp","href":"https:\/\/api.w.org\/{rel}","templated":true}]}}