{"id":486,"date":"2023-06-09T11:28:59","date_gmt":"2023-06-09T14:28:59","guid":{"rendered":"https:\/\/wp.ufpel.edu.br\/redecolabora\/?p=486"},"modified":"2023-09-30T00:26:08","modified_gmt":"2023-09-30T03:26:08","slug":"curso-de-educacao-financeira-com-o-uso-de-videos-animados","status":"publish","type":"post","link":"https:\/\/wp.ufpel.edu.br\/redecolabora\/2023\/06\/09\/curso-de-educacao-financeira-com-o-uso-de-videos-animados\/","title":{"rendered":"Curso de Educa\u00e7\u00e3o Financeira com o uso de v\u00eddeos animados"},"content":{"rendered":"<p style=\"text-align: center;\"><img src=\"https:\/\/wp.ufpel.edu.br\/redecolabora\/files\/2022\/03\/f_efff.png\" \/><\/p>\n<p style=\"text-align: justify;\">\u00a0 \u00a0 \u00a0A mestranda Raquel Silveira do Programa de P\u00f3s-Gradua\u00e7\u00e3o em Educa\u00e7\u00e3o Matem\u00e1tica da UFPEL convida os professores de Matem\u00e1tica dos Anos Finais do Ensino Fundamental da <strong>Rede P\u00fablica<\/strong> do munic\u00edpio de Pelotas a participar de curso sobre Educa\u00e7\u00e3o Financeira com v\u00eddeos animados. O curso faz parte de sua pesquisa de mestrado e tem 2 objetivos:<\/p>\n<ul>\n<li style=\"text-align: justify;\">Discutir a Educa\u00e7\u00e3o Financeira com os professores oferecendo v\u00eddeos animados desenvolvidos para que os professores trabalhem com alunos dos anos finais do ensino fundamental;<\/li>\n<li>Ensinar os professores a criar v\u00eddeos animados com o software Animaker.<\/li>\n<\/ul>\n<p>O curso ter\u00e1 dura\u00e7\u00e3o de 4 semanas de 03\/julho a 31\/julho, na modalidade on-line por meio do ambiente virtual de aprendizagem Moodle da UFPel. \u00a0Todo material did\u00e1tico estar\u00e1 dispon\u00edvel no Moodle. Semanalmente ser\u00e1 feita uma aula s\u00edncrona para conversar com os participantes sobre d\u00favidas do conte\u00fado. Ser\u00e3o fornecidos certificados de 40h para os participantes que concluirem o curso.<\/p>\n<p><strong>INSCRI\u00c7\u00d5ES:<\/strong> 27 a 29 de junho de 2023.<\/p>\n<p><b>LINK PARA INSCRI\u00c7\u00c3O: \u00a0<\/b>inscri\u00e7\u00f5es encerradas<\/p>\n<p>&nbsp;<\/p>\n<p style=\"text-align: center;\">Clique no link abaixo para assistir o v\u00eddeo convite para participar do curso<\/p>\n<p style=\"text-align: center;\"><a href=\"https:\/\/youtu.be\/aXUaOLtdrKA\">V\u00eddeo convite para participar do curso<\/a><\/p>\n<p>&nbsp;<\/p>\n<p><center><\/center><center><\/center><center><\/center><center><\/center><center>e-mail de contato: <strong>redecolabora2014@gmail.com<\/strong><\/center><center>Profa. Rozane da Silveira Alves<\/center><center>Coordenadora do Projeto Rede Colabora \/ UFPel<\/center><\/p>\n","protected":false},"excerpt":{"rendered":"<p>\u00a0 \u00a0 \u00a0A mestranda Raquel Silveira do Programa de P\u00f3s-Gradua\u00e7\u00e3o em Educa\u00e7\u00e3o Matem\u00e1tica da UFPEL convida os professores de Matem\u00e1tica dos Anos Finais do Ensino Fundamental da Rede P\u00fablica do munic\u00edpio de Pelotas a participar de curso sobre Educa\u00e7\u00e3o Financeira com v\u00eddeos animados. O curso faz parte de sua pesquisa de mestrado e tem 2 [&hellip;]<\/p>\n","protected":false},"author":461,"featured_media":0,"comment_status":"closed","ping_status":"closed","sticky":false,"template":"","format":"standard","meta":{"footnotes":""},"categories":[18],"tags":[],"class_list":["post-486","post","type-post","status-publish","format-standard","hentry","category-sem-categoria"],"jetpack_featured_media_url":"","_links":{"self":[{"href":"https:\/\/wp.ufpel.edu.br\/redecolabora\/wp-json\/wp\/v2\/posts\/486","targetHints":{"allow":["GET"]}}],"collection":[{"href":"https:\/\/wp.ufpel.edu.br\/redecolabora\/wp-json\/wp\/v2\/posts"}],"about":[{"href":"https:\/\/wp.ufpel.edu.br\/redecolabora\/wp-json\/wp\/v2\/types\/post"}],"author":[{"embeddable":true,"href":"https:\/\/wp.ufpel.edu.br\/redecolabora\/wp-json\/wp\/v2\/users\/461"}],"replies":[{"embeddable":true,"href":"https:\/\/wp.ufpel.edu.br\/redecolabora\/wp-json\/wp\/v2\/comments?post=486"}],"version-history":[{"count":14,"href":"https:\/\/wp.ufpel.edu.br\/redecolabora\/wp-json\/wp\/v2\/posts\/486\/revisions"}],"predecessor-version":[{"id":509,"href":"https:\/\/wp.ufpel.edu.br\/redecolabora\/wp-json\/wp\/v2\/posts\/486\/revisions\/509"}],"wp:attachment":[{"href":"https:\/\/wp.ufpel.edu.br\/redecolabora\/wp-json\/wp\/v2\/media?parent=486"}],"wp:term":[{"taxonomy":"category","embeddable":true,"href":"https:\/\/wp.ufpel.edu.br\/redecolabora\/wp-json\/wp\/v2\/categories?post=486"},{"taxonomy":"post_tag","embeddable":true,"href":"https:\/\/wp.ufpel.edu.br\/redecolabora\/wp-json\/wp\/v2\/tags?post=486"}],"curies":[{"name":"wp","href":"https:\/\/api.w.org\/{rel}","templated":true}]}}