{"id":395,"date":"2021-02-24T21:10:33","date_gmt":"2021-02-25T00:10:33","guid":{"rendered":"https:\/\/wp.ufpel.edu.br\/redecolabora\/?p=395"},"modified":"2023-09-30T00:40:57","modified_gmt":"2023-09-30T03:40:57","slug":"curso-praticas-inclusivas-nos-anos-iniciais","status":"publish","type":"post","link":"https:\/\/wp.ufpel.edu.br\/redecolabora\/2021\/02\/24\/curso-praticas-inclusivas-nos-anos-iniciais\/","title":{"rendered":"Curso Pr\u00e1ticas Inclusivas nos Anos Iniciais"},"content":{"rendered":"<p>O Curso est\u00e1 sendo oferecido pelo grupo GT13 &#8211; \u00a0Diferen\u00e7a, Inclus\u00e3o e Educa\u00e7\u00e3o Matem\u00e1tica da Sociedade Brasileira de Educa\u00e7\u00e3o Matem\u00e1tica (SBEM).<\/p>\n<p>O curso \u00e9 gratuito mas os participantes devem ser s\u00f3cios da SBEM. Neste m\u00eas de fevereiro o valor da anuidade est\u00e1 sendo oferecida por pre\u00e7os acess\u00edveis.<\/p>\n<p>V\u00eddeo de divulga\u00e7\u00e3o do curso <a href=\"https:\/\/youtu.be\/RHQ6JXBsUhs\">https:\/\/youtu.be\/RHQ6JXBsUhs<\/a><\/p>\n<p>Site do curso <a href=\"https:\/\/praticasinclusivas2021.blogspot.com\/?m=1\">https:\/\/praticasinclusivas2021.blogspot.com\/?m=1<\/a><\/p>\n<p>&nbsp;<\/p>\n<p>&nbsp;<\/p>\n","protected":false},"excerpt":{"rendered":"<p>O Curso est\u00e1 sendo oferecido pelo grupo GT13 &#8211; \u00a0Diferen\u00e7a, Inclus\u00e3o e Educa\u00e7\u00e3o Matem\u00e1tica da Sociedade Brasileira de Educa\u00e7\u00e3o Matem\u00e1tica (SBEM). O curso \u00e9 gratuito mas os participantes devem ser s\u00f3cios da SBEM. Neste m\u00eas de fevereiro o valor da anuidade est\u00e1 sendo oferecida por pre\u00e7os acess\u00edveis. V\u00eddeo de divulga\u00e7\u00e3o do curso https:\/\/youtu.be\/RHQ6JXBsUhs Site do [&hellip;]<\/p>\n","protected":false},"author":461,"featured_media":0,"comment_status":"closed","ping_status":"closed","sticky":false,"template":"","format":"standard","meta":{"footnotes":""},"categories":[18],"tags":[],"class_list":["post-395","post","type-post","status-publish","format-standard","hentry","category-sem-categoria"],"jetpack_featured_media_url":"","_links":{"self":[{"href":"https:\/\/wp.ufpel.edu.br\/redecolabora\/wp-json\/wp\/v2\/posts\/395","targetHints":{"allow":["GET"]}}],"collection":[{"href":"https:\/\/wp.ufpel.edu.br\/redecolabora\/wp-json\/wp\/v2\/posts"}],"about":[{"href":"https:\/\/wp.ufpel.edu.br\/redecolabora\/wp-json\/wp\/v2\/types\/post"}],"author":[{"embeddable":true,"href":"https:\/\/wp.ufpel.edu.br\/redecolabora\/wp-json\/wp\/v2\/users\/461"}],"replies":[{"embeddable":true,"href":"https:\/\/wp.ufpel.edu.br\/redecolabora\/wp-json\/wp\/v2\/comments?post=395"}],"version-history":[{"count":2,"href":"https:\/\/wp.ufpel.edu.br\/redecolabora\/wp-json\/wp\/v2\/posts\/395\/revisions"}],"predecessor-version":[{"id":515,"href":"https:\/\/wp.ufpel.edu.br\/redecolabora\/wp-json\/wp\/v2\/posts\/395\/revisions\/515"}],"wp:attachment":[{"href":"https:\/\/wp.ufpel.edu.br\/redecolabora\/wp-json\/wp\/v2\/media?parent=395"}],"wp:term":[{"taxonomy":"category","embeddable":true,"href":"https:\/\/wp.ufpel.edu.br\/redecolabora\/wp-json\/wp\/v2\/categories?post=395"},{"taxonomy":"post_tag","embeddable":true,"href":"https:\/\/wp.ufpel.edu.br\/redecolabora\/wp-json\/wp\/v2\/tags?post=395"}],"curies":[{"name":"wp","href":"https:\/\/api.w.org\/{rel}","templated":true}]}}