{"id":520,"date":"2021-05-10T10:04:04","date_gmt":"2021-05-10T13:04:04","guid":{"rendered":"https:\/\/wp.ufpel.edu.br\/rebecca\/?p=520"},"modified":"2021-05-10T10:04:04","modified_gmt":"2021-05-10T13:04:04","slug":"amostra-dos-anais-do-i-en_rebecca","status":"publish","type":"post","link":"https:\/\/wp.ufpel.edu.br\/rebecca\/2021\/05\/10\/amostra-dos-anais-do-i-en_rebecca\/","title":{"rendered":"Amostra dos Anais do I EN_ReBECCa"},"content":{"rendered":"<h2><img data-recalc-dims=\"1\" loading=\"lazy\" decoding=\"async\" data-attachment-id=\"462\" data-permalink=\"https:\/\/wp.ufpel.edu.br\/rebecca\/?attachment_id=462\" data-orig-file=\"https:\/\/i0.wp.com\/wp.ufpel.edu.br\/rebecca\/files\/2020\/10\/Salvador_data.png?fit=1500%2C500&amp;ssl=1\" data-orig-size=\"1500,500\" data-comments-opened=\"0\" data-image-meta=\"{&quot;aperture&quot;:&quot;0&quot;,&quot;credit&quot;:&quot;&quot;,&quot;camera&quot;:&quot;&quot;,&quot;caption&quot;:&quot;&quot;,&quot;created_timestamp&quot;:&quot;0&quot;,&quot;copyright&quot;:&quot;&quot;,&quot;focal_length&quot;:&quot;0&quot;,&quot;iso&quot;:&quot;0&quot;,&quot;shutter_speed&quot;:&quot;0&quot;,&quot;title&quot;:&quot;&quot;,&quot;orientation&quot;:&quot;0&quot;}\" data-image-title=\"Salvador_data\" data-image-description=\"\" data-image-caption=\"\" data-medium-file=\"https:\/\/i0.wp.com\/wp.ufpel.edu.br\/rebecca\/files\/2020\/10\/Salvador_data.png?fit=400%2C133&amp;ssl=1\" data-large-file=\"https:\/\/i0.wp.com\/wp.ufpel.edu.br\/rebecca\/files\/2020\/10\/Salvador_data.png?fit=1024%2C341&amp;ssl=1\" class=\"alignnone size-medium wp-image-462 aligncenter\" src=\"https:\/\/i0.wp.com\/wp.ufpel.edu.br\/rebecca\/files\/2020\/10\/Salvador_data.png?resize=400%2C133&#038;ssl=1\" alt=\"\" width=\"400\" height=\"133\" srcset=\"https:\/\/i0.wp.com\/wp.ufpel.edu.br\/rebecca\/files\/2020\/10\/Salvador_data.png?resize=400%2C133&amp;ssl=1 400w, https:\/\/i0.wp.com\/wp.ufpel.edu.br\/rebecca\/files\/2020\/10\/Salvador_data.png?resize=1024%2C341&amp;ssl=1 1024w, https:\/\/i0.wp.com\/wp.ufpel.edu.br\/rebecca\/files\/2020\/10\/Salvador_data.png?resize=768%2C256&amp;ssl=1 768w, https:\/\/i0.wp.com\/wp.ufpel.edu.br\/rebecca\/files\/2020\/10\/Salvador_data.png?w=1500&amp;ssl=1 1500w\" sizes=\"auto, (max-width: 400px) 100vw, 400px\" \/><\/h2>\n<h2 style=\"text-align: center\"><span style=\"font-size: 14pt\"><strong>AMOSTRA dos Anais do I_EN_ReBECCa<\/strong><\/span><\/h2>\n<p><span dir=\"ltr\">\u00c9 com muita honra e satisfa\u00e7\u00e3o que apresentamos esta compila\u00e7\u00e3o dos <\/span><span dir=\"ltr\">artigos aprovados no I <\/span><span dir=\"ltr\">ENCONTRO NACIONAL DA REDE BRASILEIRA DE <\/span><span dir=\"ltr\">ESTUDOS GEOGR\u00c1FICOS SOBRE COM\u00c9RCIO E CONSUMO <\/span><span dir=\"ltr\">(EN_ReBECCa) <\/span><span dir=\"ltr\">e <\/span><span dir=\"ltr\">V SEMIN\u00c1RIO REGIONAL COM\u00c9RCIO, CONSUMO E CULTURA NAS CIDADES <\/span><span dir=\"ltr\">(SRC<\/span><span dir=\"ltr\">C). O evento com sede em Salvador<\/span><span dir=\"ltr\">&#8211;<\/span><span dir=\"ltr\">BA, realizar<\/span><span dir=\"ltr\">&#8211;<\/span><span dir=\"ltr\">se<\/span><span dir=\"ltr\">&#8211;<\/span><span dir=\"ltr\">\u00e1 entre os dias 24 e 27 <\/span><span dir=\"ltr\">de maio do ano de 2021. Em virtude da pandemia do coronav\u00edrus, todas as <\/span><span dir=\"ltr\">atividades acontecer\u00e3o virtualmente.<\/span><\/p>\n<p><span dir=\"ltr\">Ressaltamos que este documento \u00e9 uma <\/span><strong><span dir=\"ltr\">AMOSTRA PR\u00c9VIA <\/span><\/strong><span dir=\"ltr\">para fins de <\/span><span dir=\"ltr\">consulta. <\/span><span dir=\"ltr\">Sua reprodu\u00e7\u00e3o \u00e9 <\/span><strong><span dir=\"ltr\">PROIBIDA <\/span><\/strong><span dir=\"ltr\">e todos os direitos autorais est\u00e3o <\/span><span dir=\"ltr\">reservados aos respectivos autores. T\u00e3o logo finde a sua realiza\u00e7\u00e3o, o acesso ao <\/span><span dir=\"ltr\">documento ser\u00e1 finalizado. A divulga\u00e7\u00e3o dos Anais oficial do evento ocorrer\u00e1 em <\/span><span dir=\"ltr\">momento futuro. <\/span><\/p>\n<p><span dir=\"ltr\">Agradecemos a sua <\/span><span dir=\"ltr\">participa\u00e7\u00e3o e esperamos que o conte\u00fado aqui <\/span><span dir=\"ltr\">disponibilizado seja de bom proveito. <\/span><\/p>\n<p><span dir=\"ltr\">Nosso agradecimento especial a todos os <\/span><span dir=\"ltr\">docentes, discentes e demais colaboradores que enriqueceram a produ\u00e7\u00e3o <\/span><span dir=\"ltr\">cient\u00edfica do nosso evento.<\/span><\/p>\n<p>A Comiss\u00e3o Organizadora<\/p>\n<p><a href=\"https:\/\/wp.ufpel.edu.br\/rebecca\/files\/2021\/05\/Anais-do-I-EN_ReBECCa-07-05-2021-1-1.pdf\"><strong>ACESSE AQUI O ARQUIVO COM AMOSTRA <\/strong>Anais do I EN_ReBECCa<\/a><\/p>\n<p>&nbsp;<\/p>\n<p>&nbsp;<\/p>\n","protected":false},"excerpt":{"rendered":"<p>AMOSTRA dos Anais do I_EN_ReBECCa \u00c9 com muita honra e satisfa\u00e7\u00e3o que apresentamos esta compila\u00e7\u00e3o dos artigos aprovados no I ENCONTRO NACIONAL DA REDE BRASILEIRA DE ESTUDOS GEOGR\u00c1FICOS SOBRE COM\u00c9RCIO E CONSUMO (EN_ReBECCa) e V SEMIN\u00c1RIO REGIONAL COM\u00c9RCIO, CONSUMO E CULTURA NAS CIDADES (SRCC). O evento com sede em Salvador&#8211;BA, realizar&#8211;se&#8211;\u00e1 entre os dias 24 e 27 de maio do ano de 2021. Em virtude da pandemia do coronav\u00edrus, todas as atividades acontecer\u00e3o virtualmente. Ressaltamos que este documento \u00e9 uma AMOSTRA PR\u00c9VIA para fins de consulta. Sua reprodu\u00e7\u00e3o \u00e9 PROIBIDA e todos os direitos autorais est\u00e3o reservados aos respectivos autores. T\u00e3o logo finde a sua realiza\u00e7\u00e3o, o acesso ao documento ser\u00e1 finalizado. A divulga\u00e7\u00e3o dos Anais oficial do evento ocorrer\u00e1 em momento futuro. Agradecemos a sua participa\u00e7\u00e3o e esperamos que o conte\u00fado aqui disponibilizado seja de bom proveito. Nosso agradecimento especial a todos os docentes, discentes e demais colaboradores que&#46;&#46;&#46;<\/p>\n","protected":false},"author":802,"featured_media":462,"comment_status":"closed","ping_status":"closed","sticky":false,"template":"","format":"standard","meta":{"jetpack_post_was_ever_published":false,"_jetpack_newsletter_access":"","_jetpack_dont_email_post_to_subs":false,"_jetpack_newsletter_tier_id":0,"_jetpack_memberships_contains_paywalled_content":false,"_jetpack_memberships_contains_paid_content":false,"footnotes":"","jetpack_publicize_message":"","jetpack_publicize_feature_enabled":true,"jetpack_social_post_already_shared":true,"jetpack_social_options":{"image_generator_settings":{"template":"highway","default_image_id":0,"font":"","enabled":false},"version":2}},"categories":[1],"tags":[],"class_list":["post-520","post","type-post","status-publish","format-standard","has-post-thumbnail","hentry","category-noticias"],"jetpack_publicize_connections":[],"jetpack_featured_media_url":"https:\/\/i0.wp.com\/wp.ufpel.edu.br\/rebecca\/files\/2020\/10\/Salvador_data.png?fit=1500%2C500&ssl=1","jetpack_sharing_enabled":true,"jetpack_shortlink":"https:\/\/wp.me\/p9g8aP-8o","jetpack_likes_enabled":true,"jetpack-related-posts":[{"id":526,"url":"https:\/\/wp.ufpel.edu.br\/rebecca\/2021\/05\/25\/anais-do-i_en_rebecca\/","url_meta":{"origin":520,"position":0},"title":"Anais do I_EN_ReBECCa","author":"rebecca","date":"25\/05\/2021","format":false,"excerpt":"\u00a0 Acesse aqui os Anais o I Encontro Nacional da Rede Brasileira de Estudos Geogr\u00e1ficos sobre Com\u00e9rcio e Consumo e o V Semin\u00e1rio Regional de Com\u00e9rcio, Consumo e Cultura nas Cidades. Anais do I EN_ReBECCa - 12-05-2021","rel":"","context":"Em &quot;Not\u00edcias&quot;","block_context":{"text":"Not\u00edcias","link":"https:\/\/wp.ufpel.edu.br\/rebecca\/category\/noticias\/"},"img":{"alt_text":"","src":"https:\/\/i0.wp.com\/wp.ufpel.edu.br\/rebecca\/files\/2021\/05\/Capa-Anais.jpg?fit=720%2C1040&ssl=1&resize=350%2C200","width":350,"height":200,"srcset":"https:\/\/i0.wp.com\/wp.ufpel.edu.br\/rebecca\/files\/2021\/05\/Capa-Anais.jpg?fit=720%2C1040&ssl=1&resize=350%2C200 1x, https:\/\/i0.wp.com\/wp.ufpel.edu.br\/rebecca\/files\/2021\/05\/Capa-Anais.jpg?fit=720%2C1040&ssl=1&resize=525%2C300 1.5x, https:\/\/i0.wp.com\/wp.ufpel.edu.br\/rebecca\/files\/2021\/05\/Capa-Anais.jpg?fit=720%2C1040&ssl=1&resize=700%2C400 2x"},"classes":[]},{"id":516,"url":"https:\/\/wp.ufpel.edu.br\/rebecca\/2021\/04\/30\/i-en_rebecca-divulga-trabalhos-selecionados\/","url_meta":{"origin":520,"position":1},"title":"I EN_ReBECCa divulga trabalhos selecionados","author":"rebecca","date":"30\/04\/2021","format":false,"excerpt":"A Comiss\u00e3o Organizadora do I EN_ReBECCa torna p\u00fablica a lista dos artigos aprovados para publica\u00e7\u00e3o nos anais do evento. Parabenizamos e agradecemos a todos os autores que se dispuseram a participar e colaborar com a produ\u00e7\u00e3o cient\u00edfica no \u00e2mbito deste evento. EIXO 1\u00a0\u00a0\u00a0\u00a0\u00a0 COM\u00c9RCIO E CONSUMO NA PRODU\u00c7\u00c3O DO ESPA\u00c7O\u2026","rel":"","context":"Em &quot;Not\u00edcias&quot;","block_context":{"text":"Not\u00edcias","link":"https:\/\/wp.ufpel.edu.br\/rebecca\/category\/noticias\/"},"img":{"alt_text":"","src":"https:\/\/i0.wp.com\/wp.ufpel.edu.br\/rebecca\/files\/2020\/10\/Salvador_data.png?fit=1200%2C400&ssl=1&resize=350%2C200","width":350,"height":200,"srcset":"https:\/\/i0.wp.com\/wp.ufpel.edu.br\/rebecca\/files\/2020\/10\/Salvador_data.png?fit=1200%2C400&ssl=1&resize=350%2C200 1x, https:\/\/i0.wp.com\/wp.ufpel.edu.br\/rebecca\/files\/2020\/10\/Salvador_data.png?fit=1200%2C400&ssl=1&resize=525%2C300 1.5x, https:\/\/i0.wp.com\/wp.ufpel.edu.br\/rebecca\/files\/2020\/10\/Salvador_data.png?fit=1200%2C400&ssl=1&resize=700%2C400 2x, https:\/\/i0.wp.com\/wp.ufpel.edu.br\/rebecca\/files\/2020\/10\/Salvador_data.png?fit=1200%2C400&ssl=1&resize=1050%2C600 3x"},"classes":[]},{"id":466,"url":"https:\/\/wp.ufpel.edu.br\/rebecca\/2020\/10\/14\/i-encontro-nacional-da-rede-brasileira-de-estudos-geograficos-sobre-comercio-e-consumo\/","url_meta":{"origin":520,"position":2},"title":"I ENCONTRO NACIONAL\u00a0DA REDE BRASILEIRA DE ESTUDOS GEOGR\u00c1FICOS SOBRE COM\u00c9RCIO E CONSUMO","author":"rebecca","date":"14\/10\/2020","format":false,"excerpt":"I EN_ReBECCa - I ENCONTRO NACIONAL\u00a0DA REDE BRASILEIRA DE ESTUDOS GEOGR\u00c1FICOS SOBRE COM\u00c9RCIO E CONSUMO V SRCCC - V SEMIN\u00c1RIO REGIONAL COM\u00c9RCIO, CONSUMO E CULTURA NAS CIDADES \u00a01\u00aa CIRCULAR \u00a0Os membros da ReBECCa t\u00eam a honra e o prazer de anunciar o I Encontro Nacional da Rede Brasileira de Estudos\u2026","rel":"","context":"Em &quot;Not\u00edcias&quot;","block_context":{"text":"Not\u00edcias","link":"https:\/\/wp.ufpel.edu.br\/rebecca\/category\/noticias\/"},"img":{"alt_text":"","src":"https:\/\/i0.wp.com\/wp.ufpel.edu.br\/rebecca\/files\/2020\/10\/Salvador_data.png?fit=1200%2C400&ssl=1&resize=350%2C200","width":350,"height":200,"srcset":"https:\/\/i0.wp.com\/wp.ufpel.edu.br\/rebecca\/files\/2020\/10\/Salvador_data.png?fit=1200%2C400&ssl=1&resize=350%2C200 1x, https:\/\/i0.wp.com\/wp.ufpel.edu.br\/rebecca\/files\/2020\/10\/Salvador_data.png?fit=1200%2C400&ssl=1&resize=525%2C300 1.5x, https:\/\/i0.wp.com\/wp.ufpel.edu.br\/rebecca\/files\/2020\/10\/Salvador_data.png?fit=1200%2C400&ssl=1&resize=700%2C400 2x, https:\/\/i0.wp.com\/wp.ufpel.edu.br\/rebecca\/files\/2020\/10\/Salvador_data.png?fit=1200%2C400&ssl=1&resize=1050%2C600 3x"},"classes":[]},{"id":498,"url":"https:\/\/wp.ufpel.edu.br\/rebecca\/2020\/11\/02\/evento-marca-o-lancamento-do-i-encontro-nacional-da-rebecca\/","url_meta":{"origin":520,"position":3},"title":"Evento Marca o Lan\u00e7amento do I Encontro Nacional da ReBECCa","author":"rebecca","date":"02\/11\/2020","format":false,"excerpt":"Nesta quarta-feira, 04 de novembro de 2020, \u00e0s 19h, ser\u00e1 feito o lan\u00e7amento do I Encontro Nacional da Rede Brasileira de Estudos Geogr\u00e1ficos sobre Com\u00e9rcio e Consumo (I EN_ReBECCa) e do V Semin\u00e1rio Regional Com\u00e9rcio, Consumo e Cultura nas Cidades (V SRCCC). O lan\u00e7amento ser\u00e1 feito no Canal da Rede\u2026","rel":"","context":"Em &quot;Not\u00edcias&quot;","block_context":{"text":"Not\u00edcias","link":"https:\/\/wp.ufpel.edu.br\/rebecca\/category\/noticias\/"},"img":{"alt_text":"","src":"https:\/\/i0.wp.com\/wp.ufpel.edu.br\/rebecca\/files\/2020\/10\/Facebook-1.png?fit=800%2C800&ssl=1&resize=350%2C200","width":350,"height":200,"srcset":"https:\/\/i0.wp.com\/wp.ufpel.edu.br\/rebecca\/files\/2020\/10\/Facebook-1.png?fit=800%2C800&ssl=1&resize=350%2C200 1x, https:\/\/i0.wp.com\/wp.ufpel.edu.br\/rebecca\/files\/2020\/10\/Facebook-1.png?fit=800%2C800&ssl=1&resize=525%2C300 1.5x, https:\/\/i0.wp.com\/wp.ufpel.edu.br\/rebecca\/files\/2020\/10\/Facebook-1.png?fit=800%2C800&ssl=1&resize=700%2C400 2x"},"classes":[]},{"id":555,"url":"https:\/\/wp.ufpel.edu.br\/rebecca\/2021\/05\/31\/i-encontro-nacional-da-rede-foi-sucesso\/","url_meta":{"origin":520,"position":4},"title":"I Encontro Nacional da Rede foi sucesso","author":"rebecca","date":"31\/05\/2021","format":false,"excerpt":"O I Encontro Nacional da Rede Brasileira de Estudos Geogr\u00e1ficos sobre Com\u00e9rcio e Consumo foi encerrado na quinta-feira (27\/05\/21) em mesa presidida pelo professor Cl\u00e1udio Ressurrei\u00e7\u00e3o Santos em que o professor Carlos Henrique Costa Silva proferiu a confer\u00eancia \"Os espa\u00e7os de com\u00e9rcio e consumo na reestrutura\u00e7\u00e3o do urbano: mudan\u00e7as, perman\u00eancias\u2026","rel":"","context":"Em &quot;Not\u00edcias&quot;","block_context":{"text":"Not\u00edcias","link":"https:\/\/wp.ufpel.edu.br\/rebecca\/category\/noticias\/"},"img":{"alt_text":"","src":"https:\/\/i0.wp.com\/wp.ufpel.edu.br\/rebecca\/files\/2021\/05\/Agradece.jpeg?fit=1200%2C1200&ssl=1&resize=350%2C200","width":350,"height":200,"srcset":"https:\/\/i0.wp.com\/wp.ufpel.edu.br\/rebecca\/files\/2021\/05\/Agradece.jpeg?fit=1200%2C1200&ssl=1&resize=350%2C200 1x, https:\/\/i0.wp.com\/wp.ufpel.edu.br\/rebecca\/files\/2021\/05\/Agradece.jpeg?fit=1200%2C1200&ssl=1&resize=525%2C300 1.5x, https:\/\/i0.wp.com\/wp.ufpel.edu.br\/rebecca\/files\/2021\/05\/Agradece.jpeg?fit=1200%2C1200&ssl=1&resize=700%2C400 2x, https:\/\/i0.wp.com\/wp.ufpel.edu.br\/rebecca\/files\/2021\/05\/Agradece.jpeg?fit=1200%2C1200&ssl=1&resize=1050%2C600 3x"},"classes":[]},{"id":690,"url":"https:\/\/wp.ufpel.edu.br\/rebecca\/2022\/06\/14\/reuniao-para-discussao-do-ii-encontro-nacional-da-rebecca\/","url_meta":{"origin":520,"position":5},"title":"Reuni\u00e3o para discuss\u00e3o do II Encontro Nacional da ReBECCa Remarcada para 23\/06\/22","author":"rebecca","date":"14\/06\/2022","format":false,"excerpt":"NOVA DATA PARA REUNI\u00c3O DIA 23\/06 \u00c0S 14H para discuss\u00e3o do II Encontro Nacional da ReBECCa A Coordena\u00e7\u00e3o de Eventos da ReBECCa, por interm\u00e9dio do seu coordenador, Prof. Dione Dutra Lihtnov (LEUR\/UFPEL), convida a todos\/as interessados\/as a participarem da Comiss\u00e3o Organizadora do II Encontro Nacional da Rede Brasileira de Estudos\u2026","rel":"","context":"Em &quot;Not\u00edcias&quot;","block_context":{"text":"Not\u00edcias","link":"https:\/\/wp.ufpel.edu.br\/rebecca\/category\/noticias\/"},"img":{"alt_text":"","src":"https:\/\/i0.wp.com\/wp.ufpel.edu.br\/rebecca\/files\/2022\/05\/avatar.jpg?fit=374%2C374&ssl=1&resize=350%2C200","width":350,"height":200},"classes":[]}],"_links":{"self":[{"href":"https:\/\/wp.ufpel.edu.br\/rebecca\/wp-json\/wp\/v2\/posts\/520","targetHints":{"allow":["GET"]}}],"collection":[{"href":"https:\/\/wp.ufpel.edu.br\/rebecca\/wp-json\/wp\/v2\/posts"}],"about":[{"href":"https:\/\/wp.ufpel.edu.br\/rebecca\/wp-json\/wp\/v2\/types\/post"}],"author":[{"embeddable":true,"href":"https:\/\/wp.ufpel.edu.br\/rebecca\/wp-json\/wp\/v2\/users\/802"}],"replies":[{"embeddable":true,"href":"https:\/\/wp.ufpel.edu.br\/rebecca\/wp-json\/wp\/v2\/comments?post=520"}],"version-history":[{"count":1,"href":"https:\/\/wp.ufpel.edu.br\/rebecca\/wp-json\/wp\/v2\/posts\/520\/revisions"}],"predecessor-version":[{"id":523,"href":"https:\/\/wp.ufpel.edu.br\/rebecca\/wp-json\/wp\/v2\/posts\/520\/revisions\/523"}],"wp:featuredmedia":[{"embeddable":true,"href":"https:\/\/wp.ufpel.edu.br\/rebecca\/wp-json\/wp\/v2\/media\/462"}],"wp:attachment":[{"href":"https:\/\/wp.ufpel.edu.br\/rebecca\/wp-json\/wp\/v2\/media?parent=520"}],"wp:term":[{"taxonomy":"category","embeddable":true,"href":"https:\/\/wp.ufpel.edu.br\/rebecca\/wp-json\/wp\/v2\/categories?post=520"},{"taxonomy":"post_tag","embeddable":true,"href":"https:\/\/wp.ufpel.edu.br\/rebecca\/wp-json\/wp\/v2\/tags?post=520"}],"curies":[{"name":"wp","href":"https:\/\/api.w.org\/{rel}","templated":true}]}}