{"id":1851,"date":"2024-09-26T14:52:14","date_gmt":"2024-09-26T17:52:14","guid":{"rendered":"https:\/\/wp.ufpel.edu.br\/quimicaindustrial\/?p=1851"},"modified":"2024-09-26T14:52:14","modified_gmt":"2024-09-26T17:52:14","slug":"edital-de-mobilidade-academica-virtual-para-2025-1","status":"publish","type":"post","link":"https:\/\/wp.ufpel.edu.br\/quimicaindustrial\/2024\/09\/26\/edital-de-mobilidade-academica-virtual-para-2025-1\/","title":{"rendered":"Edital de Mobilidade Acad\u00eamica Virtual para 2025\/1"},"content":{"rendered":"<p>A Coordena\u00e7\u00e3o de Rela\u00e7\u00f5es Internacionais \u2013 CRInter da Universidade Federal de Pelotas, no uso de suas atribui\u00e7\u00f5es legais e de acordo com as resolu\u00e7\u00f5es do COCEPE 14\/2010 e 40\/2015, torna p\u00fablico o presente Edital para a sele\u00e7\u00e3o de alunos de gradua\u00e7\u00e3o para realiza\u00e7\u00e3o de mobilidade acad\u00eamica no \u00e2mbito do Programa PILA VIRTUAL (Programa de Interc\u00e2mbio Latinoamericano) no semestre 2025\/1.<\/p>\n<p>Inscri\u00e7\u00f5es at\u00e9 11\/10\/2024<\/p>\n<p><a href=\"https:\/\/wp.ufpel.edu.br\/quimicaindustrial\/files\/2024\/09\/Edital-09-2024-Mobilidade-PILA-VIRTUAL.pdf\">Edital 09-2024 Mobilidade PILA VIRTUAL<\/a><\/p>\n","protected":false},"excerpt":{"rendered":"<p>A Coordena\u00e7\u00e3o de Rela\u00e7\u00f5es Internacionais \u2013 CRInter da Universidade Federal de Pelotas, no uso de suas atribui\u00e7\u00f5es legais e de acordo com as resolu\u00e7\u00f5es do COCEPE 14\/2010 e 40\/2015, torna p\u00fablico o presente Edital para a sele\u00e7\u00e3o de alunos de &hellip; <a href=\"https:\/\/wp.ufpel.edu.br\/quimicaindustrial\/2024\/09\/26\/edital-de-mobilidade-academica-virtual-para-2025-1\/\">Continue lendo <span class=\"meta-nav\">&rarr;<\/span><\/a><\/p>\n","protected":false},"author":92,"featured_media":0,"comment_status":"closed","ping_status":"closed","sticky":false,"template":"","format":"standard","meta":{"footnotes":""},"categories":[18],"tags":[],"class_list":["post-1851","post","type-post","status-publish","format-standard","hentry","category-sem-categoria"],"jetpack_featured_media_url":"","_links":{"self":[{"href":"https:\/\/wp.ufpel.edu.br\/quimicaindustrial\/wp-json\/wp\/v2\/posts\/1851","targetHints":{"allow":["GET"]}}],"collection":[{"href":"https:\/\/wp.ufpel.edu.br\/quimicaindustrial\/wp-json\/wp\/v2\/posts"}],"about":[{"href":"https:\/\/wp.ufpel.edu.br\/quimicaindustrial\/wp-json\/wp\/v2\/types\/post"}],"author":[{"embeddable":true,"href":"https:\/\/wp.ufpel.edu.br\/quimicaindustrial\/wp-json\/wp\/v2\/users\/92"}],"replies":[{"embeddable":true,"href":"https:\/\/wp.ufpel.edu.br\/quimicaindustrial\/wp-json\/wp\/v2\/comments?post=1851"}],"version-history":[{"count":1,"href":"https:\/\/wp.ufpel.edu.br\/quimicaindustrial\/wp-json\/wp\/v2\/posts\/1851\/revisions"}],"predecessor-version":[{"id":1854,"href":"https:\/\/wp.ufpel.edu.br\/quimicaindustrial\/wp-json\/wp\/v2\/posts\/1851\/revisions\/1854"}],"wp:attachment":[{"href":"https:\/\/wp.ufpel.edu.br\/quimicaindustrial\/wp-json\/wp\/v2\/media?parent=1851"}],"wp:term":[{"taxonomy":"category","embeddable":true,"href":"https:\/\/wp.ufpel.edu.br\/quimicaindustrial\/wp-json\/wp\/v2\/categories?post=1851"},{"taxonomy":"post_tag","embeddable":true,"href":"https:\/\/wp.ufpel.edu.br\/quimicaindustrial\/wp-json\/wp\/v2\/tags?post=1851"}],"curies":[{"name":"wp","href":"https:\/\/api.w.org\/{rel}","templated":true}]}}