{"id":1100,"date":"2023-09-10T02:44:06","date_gmt":"2023-09-10T05:44:06","guid":{"rendered":"https:\/\/wp.ufpel.edu.br\/qforense\/?p=1100"},"modified":"2023-09-10T02:44:37","modified_gmt":"2023-09-10T05:44:37","slug":"aprovacao-do-novo-projeto-pedagogico-do-curso-de-quimica-forense","status":"publish","type":"post","link":"https:\/\/wp.ufpel.edu.br\/qforense\/2023\/09\/10\/aprovacao-do-novo-projeto-pedagogico-do-curso-de-quimica-forense\/","title":{"rendered":"Aprova\u00e7\u00e3o do Novo Projeto Pedag\u00f3gico do Curso de Qu\u00edmica Forense"},"content":{"rendered":"<p>Prezada Comunidade Acad\u00eamica da UFPel,<\/p>\n<p>Informamos que o projeto pedag\u00f3gico do curso de Qu\u00edmica Forense, foi aprovado no COCEPE no dia 04 de agosto de 2023 e entrar\u00e1 em vig\u00eancia no pr\u00f3ximo semestre letivo (2023\/2). Para maiores informa\u00e7\u00f5es no site institucional da UFPel (<a href=\"https:\/\/institucional.ufpel.edu.br\/cursos\/cod\/7800\" target=\"_blank\" rel=\"nofollow noopener\" data-saferedirecturl=\"https:\/\/www.google.com\/url?q=https:\/\/institucional.ufpel.edu.br\/cursos\/cod\/7800&amp;source=gmail&amp;ust=1694410338050000&amp;usg=AOvVaw0804XTAPgwew2tfzXLZ6Nf\">https:\/\/institucional.ufpel.<wbr \/>edu.br\/cursos\/cod\/7800<\/a>) e tamb\u00e9m neste site.<\/p>\n<p>Com a imin\u00eancia de organiza\u00e7\u00e3o das ofertas do semestre 2023\/2, conforme prazo definido no Calend\u00e1rio Acad\u00eamico, informamos que as disciplinas do 1\u00ba semestre do curso ser\u00e3o ofertadas pelo novo PPC e, as demais ofertas das disciplinas dos semestres \u00edmpares, foram organizadas em reuni\u00e3o conjunta com o NDE e Colegiado do Curso (04\/09\/2023), conforme planejamento e necessidade tamb\u00e9m de ofertas de disciplinas do curr\u00edculo vers\u00e3o 2 &#8211; PPC antigo, apresentadas na \u00c1rea Acad\u00eamica de Qu\u00edmica (24\/08\/2023) e, tamb\u00e9m solicitadas aos departamentos que atendem as ofertas do curso de Qu\u00edmica Forense.<\/p>\n<p>Informamos que:<\/p>\n<p>&#8211; no dia 16\/08\/23, a coordena\u00e7\u00e3o do curso de Qu\u00edmica Forense e NDE se reuniu com os professores das sub\u00e1reas de Qu\u00edmica Geral, Qu\u00edmica Inorg\u00e2nica, F\u00edsico-Qu\u00edmica e coordenador adjunto da \u00e1rea acad\u00eamica de Qu\u00edmica para inform\u00e1-los da necessidade de estudo complementar em algumas das disciplinas destas sub\u00e1reas, no caso de discentes que cursaram as disciplinas e optaram por migrar para o novo PPC.<\/p>\n<p>&#8211; no dia 23\/08\/23, a coordena\u00e7\u00e3o do curso, NDE e discentes reuniram-se no Audit\u00f3rio da Faculdade de Meteorologia \u00e0s 12h para apresenta\u00e7\u00e3o do novo PPC com informa\u00e7\u00f5es referente ao\u00a0estudo de migra\u00e7\u00e3o, regras de transi\u00e7\u00e3o, estudo complementar e outras informa\u00e7\u00f5es pertinentes, bem como a apresenta\u00e7\u00e3o do termo de solicita\u00e7\u00e3o de migra\u00e7\u00e3o para o novo PPC, de preenchimento pelo discente do curso, que optou pela migra\u00e7\u00e3o para o novo curr\u00edculo e, com prazo de entrega na secretaria acad\u00eamica at\u00e9 \u00e0s doze horas do dia 25\/08\/2023;<\/p>\n<p>&#8211; nos dias 24 e 25\/08\/23, a coordena\u00e7\u00e3o do curso de Qu\u00edmica Forense, se disponibilizou aux\u00edlio aos discentes, referente ao estudo de migra\u00e7\u00e3o e outras d\u00favidas pertinentes ao novo curr\u00edculo, jubilamento e tempo de integraliza\u00e7\u00e3o curricular, na Sala da Coordena\u00e7\u00e3o do Curso, alocada em espa\u00e7o anexo \u00e0 Secretaria Acad\u00eamica.<\/p>\n<p>Aproveitamos para reiterar nosso agradecimento aos professores e comiss\u00f5es do curso de Qu\u00edmica Forense, CCQFA, assim como os professores e chefes dos demais departamentos que colaboraram de forma efetiva e prof\u00edcua na atualiza\u00e7\u00e3o do projeto pedag\u00f3gico do curso com o atendimento a Resolu\u00e7\u00e3o n\u00ba 30\/2022 do COCEPE, que disp\u00f5e sobre a Curriculariza\u00e7\u00e3o da Extens\u00e3o; as Diretrizes Curriculares Nacionais para os Cursos de Qu\u00edmica (DCN), em conformidade com a Resolu\u00e7\u00e3o Normativa n\u00ba 36 do Conselho Federal de Qu\u00edmica (CFQ) para os efeitos dos Artigos 4\u00ba e 6\u00ba que estabelecem o curr\u00edculo m\u00ednimo para determinar as atribui\u00e7\u00f5es e especificidades da forma\u00e7\u00e3o profissional e; a manuten\u00e7\u00e3o da carga hor\u00e1ria total do curso, de 3000 horas\/rel\u00f3gio, n\u00e3o sendo poss\u00edvel a redu\u00e7\u00e3o para at\u00e9 2.520 horas, conforme definido nas comiss\u00f5es do curso e conselho do CCQFA, evitando\u00a0preju\u00edzos a forma\u00e7\u00e3o profissional quanto ao comprometimento das habilidades e compet\u00eancias do profissional formado pelo curso.<\/p>\n<p>Atenciosamente,<\/p>\n<p>Prof\u00aa. Clarissa Marques Moreira dos Santos (Coordenadora)<\/p>\n<p>Prof. Rog\u00e9rio Ant\u00f4nio Freitag (Coordenador Adjunto)<\/p>\n<p>Coordena\u00e7\u00e3o do Curso de Qu\u00edmica Forense \u2013 Bi\u00eanio 2021-2023<\/p>\n<p><a href=\"https:\/\/wp.ufpel.edu.br\/qforense\/2023\/09\/10\/aprovacao-do-novo-projeto-pedagogico-do-curso-de-quimica-forense\/ppc_curso-de-quimica-forense_07-09-2023\/\" rel=\"attachment wp-att-1102\">PPC_CURSO DE QUIMICA FORENSE_07-09-2023<\/a><\/p>\n","protected":false},"excerpt":{"rendered":"<p>Prezada Comunidade Acad\u00eamica da UFPel, Informamos que o projeto pedag\u00f3gico do curso de Qu\u00edmica Forense, foi aprovado no COCEPE no dia 04 de agosto de 2023 e entrar\u00e1 em vig\u00eancia no pr\u00f3ximo semestre letivo (2023\/2). Para maiores informa\u00e7\u00f5es no site institucional da UFPel (https:\/\/institucional.ufpel.edu.br\/cursos\/cod\/7800) e tamb\u00e9m neste site. Com a imin\u00eancia de organiza\u00e7\u00e3o das ofertas &hellip; <\/p>\n<p><a class=\"more-link btn\" href=\"https:\/\/wp.ufpel.edu.br\/qforense\/2023\/09\/10\/aprovacao-do-novo-projeto-pedagogico-do-curso-de-quimica-forense\/\">Continue lendo<\/a><\/p>\n","protected":false},"author":242,"featured_media":0,"comment_status":"closed","ping_status":"closed","sticky":false,"template":"","format":"standard","meta":{"_jetpack_memberships_contains_paid_content":false,"footnotes":""},"categories":[18],"tags":[],"class_list":["post-1100","post","type-post","status-publish","format-standard","hentry","category-sem-categoria","item-wrap"],"jetpack_featured_media_url":"","jetpack-related-posts":[],"jetpack_sharing_enabled":true,"_links":{"self":[{"href":"https:\/\/wp.ufpel.edu.br\/qforense\/wp-json\/wp\/v2\/posts\/1100","targetHints":{"allow":["GET"]}}],"collection":[{"href":"https:\/\/wp.ufpel.edu.br\/qforense\/wp-json\/wp\/v2\/posts"}],"about":[{"href":"https:\/\/wp.ufpel.edu.br\/qforense\/wp-json\/wp\/v2\/types\/post"}],"author":[{"embeddable":true,"href":"https:\/\/wp.ufpel.edu.br\/qforense\/wp-json\/wp\/v2\/users\/242"}],"replies":[{"embeddable":true,"href":"https:\/\/wp.ufpel.edu.br\/qforense\/wp-json\/wp\/v2\/comments?post=1100"}],"version-history":[{"count":4,"href":"https:\/\/wp.ufpel.edu.br\/qforense\/wp-json\/wp\/v2\/posts\/1100\/revisions"}],"predecessor-version":[{"id":1106,"href":"https:\/\/wp.ufpel.edu.br\/qforense\/wp-json\/wp\/v2\/posts\/1100\/revisions\/1106"}],"wp:attachment":[{"href":"https:\/\/wp.ufpel.edu.br\/qforense\/wp-json\/wp\/v2\/media?parent=1100"}],"wp:term":[{"taxonomy":"category","embeddable":true,"href":"https:\/\/wp.ufpel.edu.br\/qforense\/wp-json\/wp\/v2\/categories?post=1100"},{"taxonomy":"post_tag","embeddable":true,"href":"https:\/\/wp.ufpel.edu.br\/qforense\/wp-json\/wp\/v2\/tags?post=1100"}],"curies":[{"name":"wp","href":"https:\/\/api.w.org\/{rel}","templated":true}]}}