{"id":5972,"date":"2025-11-13T11:36:48","date_gmt":"2025-11-13T14:36:48","guid":{"rendered":"https:\/\/wp.ufpel.edu.br\/psicologia\/?p=5972"},"modified":"2025-11-13T11:36:48","modified_gmt":"2025-11-13T14:36:48","slug":"pesquisa-enfrentamento-do-racismo-gendrado-contra-estudantes-universitarias-negras","status":"publish","type":"post","link":"https:\/\/wp.ufpel.edu.br\/psicologia\/2025\/11\/13\/pesquisa-enfrentamento-do-racismo-gendrado-contra-estudantes-universitarias-negras\/","title":{"rendered":"Pesquisa &#8220;Enfrentamento do racismo gendrado contra estudantes universit\u00e1rias negras&#8221;"},"content":{"rendered":"<div>A pesquisa &#8220;<b>Enfrentamento do racismo gendrado contra estudantes universit\u00e1rias negras<\/b>&#8221; tem como objetivo compreender as experi\u00eancias vividas por estudantes universit\u00e1rias negras, visando a constru\u00e7\u00e3o de estrat\u00e9gias e pol\u00edticas institucionais que favore\u00e7am sua perman\u00eancia e sucesso no ensino superior.<\/div>\n<div><\/div>\n<div><b>Responda o question\u00e1rio e contribua com a pesquisa.<\/b>\u00a0Para participar, acesse o question\u00e1rio atrav\u00e9s do link:<\/div>\n<div><a id=\"m_-4289863223334514164OWA6b728104-d8e1-8480-2465-0bc951b324ed\" href=\"https:\/\/pt.surveymonkey.com\/r\/2MCMRYY\" target=\"_blank\" rel=\"noopener\" data-saferedirecturl=\"https:\/\/www.google.com\/url?q=https:\/\/pt.surveymonkey.com\/r\/2MCMRYY&amp;source=gmail&amp;ust=1763129668687000&amp;usg=AOvVaw19ilX_CABZ_rIjqzs7sRWL\">https:\/\/pt.surveymonkey.com\/r\/<wbr \/>2MCMRYY<\/a><\/div>\n<div><\/div>\n<div>Ou escaneie o QR Code abaixo:<\/div>\n<div><img id=\"m_-4289863223334514164image_0\" class=\"CToWUd\" src=\"https:\/\/mail.google.com\/mail\/u\/1?ui=2&amp;ik=10ca211cf2&amp;attid=0.1&amp;permmsgid=msg-f:1848679020815387653&amp;th=19a7d3c6536b0c05&amp;view=fimg&amp;fur=ip&amp;permmsgid=msg-f:1848679020815387653&amp;sz=s0-l75-ft&amp;attbid=ANGjdJ-zGNzFckF8JOuWDWwbJGDSQUq5wI-f5_c8aGGP_jGQ4QrHoKGuwi4YRdQPohwNxVWxmkp-trhSE7DsEXz-UTjDZ9wYy1JkEFahRIVaZmUxNhOzFiDdc4GZRFo&amp;disp=emb&amp;zw\" width=\"123\" height=\"123\" data-image-whitelisted=\"\" data-bit=\"iit\" \/><\/div>\n<div><\/div>\n<div>O estudo, coordenado pela Profa. Dra. Cl\u00e1udia Alves (<a href=\"mailto:cla.alves@unb.br\" target=\"_blank\" rel=\"noopener\">cla.alves@unb.br<\/a>), \u00e9 desenvolvido pelo N\u00facleo de Estudos e Pesquisas em Rela\u00e7\u00f5es \u00c9tnico-Raciais, Interseccionalidade e Sa\u00fade Mental (NEPRINS\/CNPq) da Universidade de Bras\u00edlia (UnB) e conta com apoio da Funda\u00e7\u00e3o de Amparo \u00e0 Pesquisa do Distrito Federal (FAPDF).<\/div>\n<div><\/div>\n<div>Agradecemos pelo apoio e pela valiosa contribui\u00e7\u00e3o \u00e0 pesquisa.<\/div>\n<div><\/div>\n<div><img id=\"m_-4289863223334514164image_1\" class=\"CToWUd a6T\" tabindex=\"0\" src=\"https:\/\/mail.google.com\/mail\/u\/1?ui=2&amp;ik=10ca211cf2&amp;attid=0.2&amp;permmsgid=msg-f:1848679020815387653&amp;th=19a7d3c6536b0c05&amp;view=fimg&amp;fur=ip&amp;permmsgid=msg-f:1848679020815387653&amp;sz=s0-l75-ft&amp;attbid=ANGjdJ9RiHnxJ0wytTuD74EJF-7LZycK4Q5W2ikAH2eh4fwq5NkF_phNnU8JwMXXhjB1Q45EAy4aiKwbc9Ut8pMR6-AN07IYmS8Zq5rcDNwD5uzzZuStMz9NBGCLguo&amp;disp=emb&amp;zw\" width=\"391\" height=\"490\" data-image-whitelisted=\"\" data-bit=\"iit\" \/><\/div>\n<div><\/div>\n<div><\/div>\n<div>Cordialmente,<\/div>\n<div id=\"m_-4289863223334514164Signature\">\n<div>&#8212;&#8212;&#8212;<\/div>\n<div>Profa. Dra. Cl\u00e1udia de Oliveira Alves<\/div>\n<div>Departamento de Psicologia Cl\u00ednica<\/div>\n<div>Coordenadora do NEPRINS\/UnB\/CNPq<\/div>\n<div>Universidade de Bras\u00edlia<\/div>\n<\/div>\n","protected":false},"excerpt":{"rendered":"<p>A pesquisa &#8220;Enfrentamento do racismo gendrado contra estudantes universit\u00e1rias negras&#8221; tem como objetivo compreender as experi\u00eancias vividas por estudantes universit\u00e1rias negras, visando a constru\u00e7\u00e3o de estrat\u00e9gias e pol\u00edticas institucionais que favore\u00e7am sua perman\u00eancia e sucesso no ensino superior. Responda o question\u00e1rio e contribua com a pesquisa.\u00a0Para participar, acesse o question\u00e1rio atrav\u00e9s do link: https:\/\/pt.surveymonkey.com\/r\/2MCMRYY Ou [&hellip;]<\/p>\n","protected":false},"author":203,"featured_media":0,"comment_status":"closed","ping_status":"closed","sticky":false,"template":"","format":"standard","meta":{"jetpack_post_was_ever_published":false,"_jetpack_newsletter_access":"","_jetpack_dont_email_post_to_subs":false,"_jetpack_newsletter_tier_id":0,"_jetpack_memberships_contains_paywalled_content":false,"_jetpack_memberships_contains_paid_content":false,"footnotes":"","jetpack_publicize_message":"","jetpack_publicize_feature_enabled":true,"jetpack_social_post_already_shared":true,"jetpack_social_options":{"image_generator_settings":{"template":"highway","default_image_id":0,"font":"","enabled":false},"version":2}},"categories":[18],"tags":[],"class_list":["post-5972","post","type-post","status-publish","format-standard","hentry","category-sem-categoria"],"jetpack_publicize_connections":[],"jetpack_featured_media_url":"","jetpack_sharing_enabled":true,"jetpack_shortlink":"https:\/\/wp.me\/p9mSsX-1yk","jetpack_likes_enabled":true,"jetpack-related-posts":[],"_links":{"self":[{"href":"https:\/\/wp.ufpel.edu.br\/psicologia\/wp-json\/wp\/v2\/posts\/5972","targetHints":{"allow":["GET"]}}],"collection":[{"href":"https:\/\/wp.ufpel.edu.br\/psicologia\/wp-json\/wp\/v2\/posts"}],"about":[{"href":"https:\/\/wp.ufpel.edu.br\/psicologia\/wp-json\/wp\/v2\/types\/post"}],"author":[{"embeddable":true,"href":"https:\/\/wp.ufpel.edu.br\/psicologia\/wp-json\/wp\/v2\/users\/203"}],"replies":[{"embeddable":true,"href":"https:\/\/wp.ufpel.edu.br\/psicologia\/wp-json\/wp\/v2\/comments?post=5972"}],"version-history":[{"count":2,"href":"https:\/\/wp.ufpel.edu.br\/psicologia\/wp-json\/wp\/v2\/posts\/5972\/revisions"}],"predecessor-version":[{"id":5975,"href":"https:\/\/wp.ufpel.edu.br\/psicologia\/wp-json\/wp\/v2\/posts\/5972\/revisions\/5975"}],"wp:attachment":[{"href":"https:\/\/wp.ufpel.edu.br\/psicologia\/wp-json\/wp\/v2\/media?parent=5972"}],"wp:term":[{"taxonomy":"category","embeddable":true,"href":"https:\/\/wp.ufpel.edu.br\/psicologia\/wp-json\/wp\/v2\/categories?post=5972"},{"taxonomy":"post_tag","embeddable":true,"href":"https:\/\/wp.ufpel.edu.br\/psicologia\/wp-json\/wp\/v2\/tags?post=5972"}],"curies":[{"name":"wp","href":"https:\/\/api.w.org\/{rel}","templated":true}]}}