{"id":4591,"date":"2022-08-22T15:50:48","date_gmt":"2022-08-22T18:50:48","guid":{"rendered":"https:\/\/wp.ufpel.edu.br\/psicologia\/?p=4591"},"modified":"2022-08-22T15:50:48","modified_gmt":"2022-08-22T18:50:48","slug":"troca-de-salas","status":"publish","type":"post","link":"https:\/\/wp.ufpel.edu.br\/psicologia\/2022\/08\/22\/troca-de-salas\/","title":{"rendered":"Troca de salas"},"content":{"rendered":"<p>Informamos que, a partir do dia 22\/08\/2022, as aulas das disciplinas 07960063 &#8211; PSICOLOGIA HOSPITALAR e 07960067 &#8211; SA\u00daDE E TRABALHO ocorrer\u00e3o na sala 309 da FAMED e as aulas da disciplina 07960073 &#8211; PESQUISA EM PSICOLOGIA II ocorrer\u00e3o na sala 311 (antiga sala da Otorrino) na FAMED.<\/p>\n","protected":false},"excerpt":{"rendered":"<p>Informamos que, a partir do dia 22\/08\/2022, as aulas das disciplinas 07960063 &#8211; PSICOLOGIA HOSPITALAR e 07960067 &#8211; SA\u00daDE E TRABALHO ocorrer\u00e3o na sala 309 da FAMED e as aulas da disciplina 07960073 &#8211; PESQUISA EM PSICOLOGIA II ocorrer\u00e3o na sala 311 (antiga sala da Otorrino) na FAMED.<\/p>\n","protected":false},"author":203,"featured_media":0,"comment_status":"closed","ping_status":"closed","sticky":false,"template":"","format":"standard","meta":{"jetpack_post_was_ever_published":false,"_jetpack_newsletter_access":"","_jetpack_dont_email_post_to_subs":false,"_jetpack_newsletter_tier_id":0,"_jetpack_memberships_contains_paywalled_content":false,"_jetpack_memberships_contains_paid_content":false,"footnotes":"","jetpack_publicize_message":"","jetpack_publicize_feature_enabled":true,"jetpack_social_post_already_shared":true,"jetpack_social_options":{"image_generator_settings":{"template":"highway","default_image_id":0,"font":"","enabled":false},"version":2}},"categories":[18],"tags":[],"class_list":["post-4591","post","type-post","status-publish","format-standard","hentry","category-sem-categoria"],"jetpack_publicize_connections":[],"jetpack_featured_media_url":"","jetpack_sharing_enabled":true,"jetpack_shortlink":"https:\/\/wp.me\/p9mSsX-1c3","jetpack_likes_enabled":true,"jetpack-related-posts":[],"_links":{"self":[{"href":"https:\/\/wp.ufpel.edu.br\/psicologia\/wp-json\/wp\/v2\/posts\/4591","targetHints":{"allow":["GET"]}}],"collection":[{"href":"https:\/\/wp.ufpel.edu.br\/psicologia\/wp-json\/wp\/v2\/posts"}],"about":[{"href":"https:\/\/wp.ufpel.edu.br\/psicologia\/wp-json\/wp\/v2\/types\/post"}],"author":[{"embeddable":true,"href":"https:\/\/wp.ufpel.edu.br\/psicologia\/wp-json\/wp\/v2\/users\/203"}],"replies":[{"embeddable":true,"href":"https:\/\/wp.ufpel.edu.br\/psicologia\/wp-json\/wp\/v2\/comments?post=4591"}],"version-history":[{"count":1,"href":"https:\/\/wp.ufpel.edu.br\/psicologia\/wp-json\/wp\/v2\/posts\/4591\/revisions"}],"predecessor-version":[{"id":4593,"href":"https:\/\/wp.ufpel.edu.br\/psicologia\/wp-json\/wp\/v2\/posts\/4591\/revisions\/4593"}],"wp:attachment":[{"href":"https:\/\/wp.ufpel.edu.br\/psicologia\/wp-json\/wp\/v2\/media?parent=4591"}],"wp:term":[{"taxonomy":"category","embeddable":true,"href":"https:\/\/wp.ufpel.edu.br\/psicologia\/wp-json\/wp\/v2\/categories?post=4591"},{"taxonomy":"post_tag","embeddable":true,"href":"https:\/\/wp.ufpel.edu.br\/psicologia\/wp-json\/wp\/v2\/tags?post=4591"}],"curies":[{"name":"wp","href":"https:\/\/api.w.org\/{rel}","templated":true}]}}