{"id":3468,"date":"2020-06-22T23:32:55","date_gmt":"2020-06-23T02:32:55","guid":{"rendered":"https:\/\/wp.ufpel.edu.br\/psicologia\/?p=3468"},"modified":"2020-06-22T23:32:55","modified_gmt":"2020-06-23T02:32:55","slug":"novas-vagas-para-o-grupo-de-estudos-do-laboratorio-de-pesquisas-em-fenomenologia-e-psicologia-existencial-epoche","status":"publish","type":"post","link":"https:\/\/wp.ufpel.edu.br\/psicologia\/2020\/06\/22\/novas-vagas-para-o-grupo-de-estudos-do-laboratorio-de-pesquisas-em-fenomenologia-e-psicologia-existencial-epoche\/","title":{"rendered":"Novas vagas para o Grupo de Estudos do Laborat\u00f3rio de Pesquisas em Fenomenologia e Psicologia Existencial &#8211;\u00a0Epoch\u00e8."},"content":{"rendered":"<p style=\"text-align: justify\">A presente a\u00e7\u00e3o visa articular o olhar da psicologia fenomenol\u00f3gico-existencial ao campo da arte, refletindo sobre essa dimens\u00e3o como caminho de transforma\u00e7\u00e3o pessoal e social, atrav\u00e9s das anima\u00e7\u00f5es de Hayao Myiasaki. A partir dos animes e de textos indicados, s\u00e3o trabalhados conceitos da perspectiva fenomenol\u00f3gica, voltados \u00e0 compreens\u00e3o dos processos de cria\u00e7\u00e3o e elabora\u00e7\u00e3o da experi\u00eancia.<br \/>\nTal projeto est\u00e1 em execu\u00e7\u00e3o e conta com 10 participantes. Inicialmente, n\u00e3o seria ampliado no per\u00edodo do calend\u00e1rio alternativo, mas devido \u00e0 recente procura, ser\u00e3o abertas 10 novas vagas. Por favor, envie um e-mail para\u00a0<a href=\"mailto:giovana.ufpel@gmail.com\">giovana.ufpel@gmail.com<\/a>\u00a0respondendo \u00e0 seguinte pergunta:\u00a0<em>Porque voc\u00ea se interessou por este projeto na perspectiva fenomenol\u00f3gica<\/em>? Coloque\u00a0 nome, n\u00famero de matr\u00edcula e o per\u00edodo do curso em que se encontra.<\/p>\n<p style=\"text-align: justify\">As respostas podem ser enviadas at\u00e9 quinta-feira, dia 25\/06\/2020.<\/p>\n<p style=\"text-align: justify\">Em julho, os encontros acontecer\u00e3o nas ter\u00e7as-feiras, \u00e0s 18h30min.<\/p>\n<p style=\"text-align: justify\">Carga hor\u00e1ria: 4h semanais (somando atividades s\u00edncronas e ass\u00edncronas).<\/p>\n","protected":false},"excerpt":{"rendered":"<p>A presente a\u00e7\u00e3o visa articular o olhar da psicologia fenomenol\u00f3gico-existencial ao campo da arte, refletindo sobre essa dimens\u00e3o como caminho de transforma\u00e7\u00e3o pessoal e social, atrav\u00e9s das anima\u00e7\u00f5es de Hayao Myiasaki. A partir dos animes e de textos indicados, s\u00e3o trabalhados conceitos da perspectiva fenomenol\u00f3gica, voltados \u00e0 compreens\u00e3o dos processos de cria\u00e7\u00e3o e elabora\u00e7\u00e3o da [&hellip;]<\/p>\n","protected":false},"author":203,"featured_media":0,"comment_status":"closed","ping_status":"closed","sticky":false,"template":"","format":"standard","meta":{"jetpack_post_was_ever_published":false,"_jetpack_newsletter_access":"","_jetpack_dont_email_post_to_subs":false,"_jetpack_newsletter_tier_id":0,"_jetpack_memberships_contains_paywalled_content":false,"_jetpack_memberships_contains_paid_content":false,"footnotes":"","jetpack_publicize_message":"","jetpack_publicize_feature_enabled":true,"jetpack_social_post_already_shared":true,"jetpack_social_options":{"image_generator_settings":{"template":"highway","default_image_id":0,"font":"","enabled":false},"version":2}},"categories":[18],"tags":[],"class_list":["post-3468","post","type-post","status-publish","format-standard","hentry","category-sem-categoria"],"jetpack_publicize_connections":[],"jetpack_featured_media_url":"","jetpack_sharing_enabled":true,"jetpack_shortlink":"https:\/\/wp.me\/p9mSsX-TW","jetpack_likes_enabled":true,"jetpack-related-posts":[],"_links":{"self":[{"href":"https:\/\/wp.ufpel.edu.br\/psicologia\/wp-json\/wp\/v2\/posts\/3468","targetHints":{"allow":["GET"]}}],"collection":[{"href":"https:\/\/wp.ufpel.edu.br\/psicologia\/wp-json\/wp\/v2\/posts"}],"about":[{"href":"https:\/\/wp.ufpel.edu.br\/psicologia\/wp-json\/wp\/v2\/types\/post"}],"author":[{"embeddable":true,"href":"https:\/\/wp.ufpel.edu.br\/psicologia\/wp-json\/wp\/v2\/users\/203"}],"replies":[{"embeddable":true,"href":"https:\/\/wp.ufpel.edu.br\/psicologia\/wp-json\/wp\/v2\/comments?post=3468"}],"version-history":[{"count":1,"href":"https:\/\/wp.ufpel.edu.br\/psicologia\/wp-json\/wp\/v2\/posts\/3468\/revisions"}],"predecessor-version":[{"id":3470,"href":"https:\/\/wp.ufpel.edu.br\/psicologia\/wp-json\/wp\/v2\/posts\/3468\/revisions\/3470"}],"wp:attachment":[{"href":"https:\/\/wp.ufpel.edu.br\/psicologia\/wp-json\/wp\/v2\/media?parent=3468"}],"wp:term":[{"taxonomy":"category","embeddable":true,"href":"https:\/\/wp.ufpel.edu.br\/psicologia\/wp-json\/wp\/v2\/categories?post=3468"},{"taxonomy":"post_tag","embeddable":true,"href":"https:\/\/wp.ufpel.edu.br\/psicologia\/wp-json\/wp\/v2\/tags?post=3468"}],"curies":[{"name":"wp","href":"https:\/\/api.w.org\/{rel}","templated":true}]}}