{"id":1632,"date":"2018-03-02T21:08:36","date_gmt":"2018-03-03T00:08:36","guid":{"rendered":"https:\/\/wp.ufpel.edu.br\/psicologia\/?p=1632"},"modified":"2018-03-02T21:14:35","modified_gmt":"2018-03-03T00:14:35","slug":"especializacoes-na-area-da-psicologia","status":"publish","type":"post","link":"https:\/\/wp.ufpel.edu.br\/psicologia\/2018\/03\/02\/especializacoes-na-area-da-psicologia\/","title":{"rendered":"Especializa\u00e7\u00f5es na \u00e1rea da Psicologia"},"content":{"rendered":"<p>A pedido da Alice do CIFAP, publico abaixo:<\/p>\n<p>Pela primeira vez em Pelotas ter\u00e1 in\u00edcio o \u201cCurso de Especializa\u00e7\u00e3o em Terapia Cognitivo-Comportamental\u201d,\u00a0promovido pelo CEFI \u2013 Centro de Estudos da Fam\u00edlia e do Indiv\u00edduo, de Porto Alegre, em parceria com o CIFAP &#8211; Centro Integrado de Forma\u00e7\u00e3o e Aperfei\u00e7oamento Profissional de Pelotas.<\/p>\n<p>O curso, em n\u00edvel de especializa\u00e7\u00e3o, \u00e9 reconhecido pelo MEC e tem dura\u00e7\u00e3o de 22 meses, com encontros mensais, sexta das 14h30 \u00e0s 20h30 e s\u00e1bado, das 8h \u00e0s 12h e das 13h20 \u00e0s 17h30, totalizando 460 horas\/aula.<\/p>\n<p>Data de in\u00edcio: 02 e 03 de mar\u00e7o de 2018<br \/>\n<!--more--><br \/>\nP\u00fablico-alvo: psic\u00f3logos e psiquiatras<\/p>\n<p>Objetivo: Promover a aprendizagem de aspectos conceituais do Modelo da Terapia Cognitivo-Comportamental, bem como, de t\u00e9cnicas de interve<span class=\"m_8899299007997300919text_exposed_show\">n\u00e7\u00e3o nos transtornos mentais mais comumente vistos na cl\u00ednica.<\/span><\/p>\n<p>Metodologia: Aulas te\u00f3ricas e pr\u00e1ticas, supervis\u00e3o indireta de casos cl\u00ednicos e estudo dirigido.<\/p>\n<p>Certifica\u00e7\u00e3o de Conclus\u00e3o: S\u00f3 conclui o curso e recebe o certificado de conclus\u00e3o, o aluno que tiver pelo menos 75% de frequ\u00eancia e obtiver grau m\u00ednimo de 7,0.<\/p>\n<p>Obs.: Dever\u00e1 ser entregue um artigo cient\u00edfico como conclus\u00e3o de curso, sob orienta\u00e7\u00e3o.<\/p>\n<p>Informa\u00e7\u00f5es e inscri\u00e7\u00f5es\u00a0<a href=\"mailto:cifap@cifap.com.br\" target=\"_blank\" rel=\"noopener\">cifap@cifap.com.br<\/a>\u00a0ou (53) 33076016.<\/p>\n<p>Vagas limitadas!<\/p>\n<p><a class=\"m_8899299007997300919_58cn\" href=\"https:\/\/www.facebook.com\/hashtag\/cifap\" target=\"_blank\" rel=\"noopener\">#CIFAP<\/a>\u00a0<a class=\"m_8899299007997300919_58cn\" href=\"https:\/\/www.facebook.com\/hashtag\/cefi\" target=\"_blank\" rel=\"noopener\">#CEFI<\/a>\u00a0<a class=\"m_8899299007997300919_58cn\" href=\"https:\/\/www.facebook.com\/hashtag\/especializa%C3%A7%C3%A3o\" target=\"_blank\" rel=\"noopener\">#Especializa\u00e7\u00e3o<\/a>\u00a0<a class=\"m_8899299007997300919_58cn\" href=\"https:\/\/www.facebook.com\/hashtag\/terapiacognitivocomportamental\" target=\"_blank\" rel=\"noopener\">#TerapiaCognitivoComportamental<\/a><\/p>\n<p>&#8211;<\/p>\n<p>No dia 14 de abril de 2018, ter\u00e1 in\u00edcio em Pelotas \u00e0 quarta turma do curso de Especializa\u00e7\u00e3o em Terapia Sist\u00eamica com Indiv\u00edduos, Casais e Fam\u00edlias, promovido pelo CEFI \u2013 Centro de Estudos da Fam\u00edlia e do Indiv\u00edduo, de Porto Alegre, em parceria com o CIFAP &#8211; Centro Integrado de Forma\u00e7\u00e3o e Aperfei\u00e7oamento Profissional de Pelotas.<\/p>\n<p>A aula inaugural, que compreende ao primeiro m\u00f3dulo do curso, acontece na sexta dia 14\/04 das 14h30 \u00e0s 21h e no s\u00e1bado 15\/04 das 08h \u00e0s 17h30.<\/p>\n<p>O curso, em n\u00edvel de p\u00f3s-gradua\u00e7\u00e3o tem dura\u00e7\u00e3o de 24 meses, com encontros mensais.<\/p>\n<p>P\u00fablico-alvo: psic\u00f3logos, m\u00e9dicos e assistentes sociais<\/p>\n<p>&#8211; Objetivo: Capacitar e habilitar os profissionais a intervir preventiva e terapeuticamente em situa\u00e7<span class=\"m_8899299007997300919text_exposed_show\">\u00f5es de crise de casais e fam\u00edlias, atrav\u00e9s de metodologia te\u00f3rico-pr\u00e1tica e vivencial ancorada na abordagem sist\u00eamica.<\/span><\/p>\n<p>&#8211; Carga Hor\u00e1ria Total: 500 horas\/aula \u2013 2 anos letivos (24 meses consecutivos e ininterruptos).<\/p>\n<p>&#8211; Per\u00eddo: Inicio &#8211; Abril de 2018. T\u00e9rmino &#8211; Mar\u00e7o de 2020.<\/p>\n<p>&#8211; Hor\u00e1rio: Sexta-feira das 14h30 \u00e0s 21h e s\u00e1bado, das 8h \u00e0s 17h30 (uma vez por m\u00eas). O hor\u00e1rio poder\u00e1 sofrer pequena altera\u00e7\u00e3o.<\/p>\n<p>&#8211; Metodologia: Semin\u00e1rios te\u00f3ricos, viv\u00eancias, discuss\u00e3o de casos cl\u00ednicos, supervis\u00e3o indireta, supervis\u00e3o direta em aula (pr\u00e1tica supervisionada em c\u00e2mera).<\/p>\n<p>&#8211; Certifica\u00e7\u00e3o: MEC e ABRATEF<\/p>\n<p>Informa\u00e7\u00f5es e inscri\u00e7\u00f5es\u00a0<a href=\"mailto:cifap@cifap.com.br\" target=\"_blank\" rel=\"noopener\">cifap@cifap.com.br<\/a>\u00a0ou (53) 33076016.<br \/>\nVagas limitadas!<\/p>\n<p>&nbsp;<\/p>\n<p>&nbsp;<\/p>\n<p>&nbsp;<\/p>\n","protected":false},"excerpt":{"rendered":"<p>A pedido da Alice do CIFAP, publico abaixo: Pela primeira vez em Pelotas ter\u00e1 in\u00edcio o \u201cCurso de Especializa\u00e7\u00e3o em Terapia Cognitivo-Comportamental\u201d,\u00a0promovido pelo CEFI \u2013 Centro de Estudos da Fam\u00edlia e do Indiv\u00edduo, de Porto Alegre, em parceria com o CIFAP &#8211; Centro Integrado de Forma\u00e7\u00e3o e Aperfei\u00e7oamento Profissional de Pelotas. O curso, em n\u00edvel [&hellip;]<\/p>\n","protected":false},"author":203,"featured_media":0,"comment_status":"closed","ping_status":"closed","sticky":false,"template":"","format":"standard","meta":{"jetpack_post_was_ever_published":false,"_jetpack_newsletter_access":"","_jetpack_dont_email_post_to_subs":false,"_jetpack_newsletter_tier_id":0,"_jetpack_memberships_contains_paywalled_content":false,"_jetpack_memberships_contains_paid_content":false,"footnotes":"","jetpack_publicize_message":"","jetpack_publicize_feature_enabled":true,"jetpack_social_post_already_shared":true,"jetpack_social_options":{"image_generator_settings":{"template":"highway","default_image_id":0,"font":"","enabled":false},"version":2}},"categories":[18],"tags":[],"class_list":["post-1632","post","type-post","status-publish","format-standard","hentry","category-sem-categoria"],"jetpack_publicize_connections":[],"jetpack_featured_media_url":"","jetpack_sharing_enabled":true,"jetpack_shortlink":"https:\/\/wp.me\/p9mSsX-qk","jetpack_likes_enabled":true,"jetpack-related-posts":[],"_links":{"self":[{"href":"https:\/\/wp.ufpel.edu.br\/psicologia\/wp-json\/wp\/v2\/posts\/1632","targetHints":{"allow":["GET"]}}],"collection":[{"href":"https:\/\/wp.ufpel.edu.br\/psicologia\/wp-json\/wp\/v2\/posts"}],"about":[{"href":"https:\/\/wp.ufpel.edu.br\/psicologia\/wp-json\/wp\/v2\/types\/post"}],"author":[{"embeddable":true,"href":"https:\/\/wp.ufpel.edu.br\/psicologia\/wp-json\/wp\/v2\/users\/203"}],"replies":[{"embeddable":true,"href":"https:\/\/wp.ufpel.edu.br\/psicologia\/wp-json\/wp\/v2\/comments?post=1632"}],"version-history":[{"count":6,"href":"https:\/\/wp.ufpel.edu.br\/psicologia\/wp-json\/wp\/v2\/posts\/1632\/revisions"}],"predecessor-version":[{"id":1642,"href":"https:\/\/wp.ufpel.edu.br\/psicologia\/wp-json\/wp\/v2\/posts\/1632\/revisions\/1642"}],"wp:attachment":[{"href":"https:\/\/wp.ufpel.edu.br\/psicologia\/wp-json\/wp\/v2\/media?parent=1632"}],"wp:term":[{"taxonomy":"category","embeddable":true,"href":"https:\/\/wp.ufpel.edu.br\/psicologia\/wp-json\/wp\/v2\/categories?post=1632"},{"taxonomy":"post_tag","embeddable":true,"href":"https:\/\/wp.ufpel.edu.br\/psicologia\/wp-json\/wp\/v2\/tags?post=1632"}],"curies":[{"name":"wp","href":"https:\/\/api.w.org\/{rel}","templated":true}]}}