{"id":5781,"date":"2019-02-28T10:14:53","date_gmt":"2019-02-28T13:14:53","guid":{"rendered":"https:\/\/wp.ufpel.edu.br\/prppgi\/?p=5781"},"modified":"2019-02-28T10:14:53","modified_gmt":"2019-02-28T13:14:53","slug":"selecionadas-as-propostas-para-chamada-01-2019-cnpq","status":"publish","type":"post","link":"https:\/\/wp.ufpel.edu.br\/prppg\/2019\/02\/28\/selecionadas-as-propostas-para-chamada-01-2019-cnpq\/","title":{"rendered":"Selecionadas as propostas para Chamada 01-2019 CNPq"},"content":{"rendered":"<p>A PRRPGI vem a p\u00fablico informar que, ap\u00f3s reuni\u00e3o da Comiss\u00e3o de Sele\u00e7\u00e3o, as tr\u00eas propostas selecionadas para compor o projeto institucional a ser submetido na chamada 01-2019 do CNPq &#8211; Apoio a forma\u00e7\u00e3o de doutores em \u00e1reas estrat\u00e9gicas &#8211; foram as abaixo listadas:<\/p>\n<p class=\"Texto_Justificado\">Programa de P\u00f3s-Gradua\u00e7\u00e3o em Enfermegem &#8211; 02 bolsas de Doutorado e 01\u00a0bolsas de Aux\u00edlio T\u00e9cnico<\/p>\n<p class=\"Texto_Justificado\">Programa de P\u00f3s-Gradua\u00e7\u00e3o em Bioqu\u00edmica e Bioprospec\u00e7\u00e3o\u00a0&#8211; 04\u00a0bolsas de Doutorado e 03\u00a0bolsas de Aux\u00edlio T\u00e9cnico<\/p>\n<p class=\"Texto_Justificado\">Programa de P\u00f3s-Gradua\u00e7\u00e3o em Qu\u00edmica\u00a0&#8211; 04\u00a0bolsas de Doutorado e 02 bolsas de Aux\u00edlio T\u00e9cnico<\/p>\n<p>A ata da reuni\u00e3o e a planilha de pontua\u00e7\u00e3o podem ser acessadas abaixo.<\/p>\n<p><a href=\"https:\/\/wp.ufpel.edu.br\/prppgi\/files\/2019\/02\/chamada_01_2019_CNPq.pdf\">chamada_01_2019_CNPq<\/a><\/p>\n<p><a href=\"https:\/\/wp.ufpel.edu.br\/prppgi\/files\/2019\/02\/SEI_UFPel-0447306-Ata-de-Reuni\u00e3o.pdf\">SEI_UFPel &#8211; 0447306 &#8211; Ata de Reuni\u00e3o<\/a><\/p>\n<p>&nbsp;<\/p>\n","protected":false},"excerpt":{"rendered":"<p>A PRRPGI vem a p\u00fablico informar que, ap\u00f3s reuni\u00e3o da Comiss\u00e3o de Sele\u00e7\u00e3o, as tr\u00eas propostas selecionadas para compor o projeto institucional a ser submetido na chamada 01-2019 do CNPq &#8211; Apoio a forma\u00e7\u00e3o de doutores em \u00e1reas estrat\u00e9gicas &#8211; foram as abaixo listadas: Programa de P\u00f3s-Gradua\u00e7\u00e3o em Enfermegem &#8211; 02 bolsas de Doutorado e [&hellip;]<\/p>\n","protected":false},"author":45,"featured_media":0,"comment_status":"closed","ping_status":"closed","sticky":false,"template":"","format":"standard","meta":{"footnotes":""},"categories":[4],"tags":[],"class_list":["post-5781","post","type-post","status-publish","format-standard","hentry","category-noticias"],"jetpack_featured_media_url":"","_links":{"self":[{"href":"https:\/\/wp.ufpel.edu.br\/prppg\/wp-json\/wp\/v2\/posts\/5781","targetHints":{"allow":["GET"]}}],"collection":[{"href":"https:\/\/wp.ufpel.edu.br\/prppg\/wp-json\/wp\/v2\/posts"}],"about":[{"href":"https:\/\/wp.ufpel.edu.br\/prppg\/wp-json\/wp\/v2\/types\/post"}],"author":[{"embeddable":true,"href":"https:\/\/wp.ufpel.edu.br\/prppg\/wp-json\/wp\/v2\/users\/45"}],"replies":[{"embeddable":true,"href":"https:\/\/wp.ufpel.edu.br\/prppg\/wp-json\/wp\/v2\/comments?post=5781"}],"version-history":[{"count":2,"href":"https:\/\/wp.ufpel.edu.br\/prppg\/wp-json\/wp\/v2\/posts\/5781\/revisions"}],"predecessor-version":[{"id":5786,"href":"https:\/\/wp.ufpel.edu.br\/prppg\/wp-json\/wp\/v2\/posts\/5781\/revisions\/5786"}],"wp:attachment":[{"href":"https:\/\/wp.ufpel.edu.br\/prppg\/wp-json\/wp\/v2\/media?parent=5781"}],"wp:term":[{"taxonomy":"category","embeddable":true,"href":"https:\/\/wp.ufpel.edu.br\/prppg\/wp-json\/wp\/v2\/categories?post=5781"},{"taxonomy":"post_tag","embeddable":true,"href":"https:\/\/wp.ufpel.edu.br\/prppg\/wp-json\/wp\/v2\/tags?post=5781"}],"curies":[{"name":"wp","href":"https:\/\/api.w.org\/{rel}","templated":true}]}}