{"id":2671,"date":"2014-09-29T12:05:32","date_gmt":"2014-09-29T15:05:32","guid":{"rendered":"https:\/\/wp.ufpel.edu.br\/prppg\/?p=2671"},"modified":"2014-09-29T12:05:32","modified_gmt":"2014-09-29T15:05:32","slug":"programa-de-bolsas-de-iniciacao-a-pesquisa-novos-pesquisadores-pbip-np-da-ufpel-e-o-programa-de-bolsas-de-iniciacao-a-pesquisa-doutorado-em-andamento-pbip-da-da-ufpel","status":"publish","type":"post","link":"https:\/\/wp.ufpel.edu.br\/prppg\/2014\/09\/29\/programa-de-bolsas-de-iniciacao-a-pesquisa-novos-pesquisadores-pbip-np-da-ufpel-e-o-programa-de-bolsas-de-iniciacao-a-pesquisa-doutorado-em-andamento-pbip-da-da-ufpel\/","title":{"rendered":"Programa de Bolsas de Inicia\u00e7\u00e3o \u00e0 Pesquisa \u2013 Novos Pesquisadores (PBIP-NP) da UFPel e o Programa de Bolsas de Inicia\u00e7\u00e3o \u00e0 Pesquisa \u2013 Doutorado em Andamento (PBIP-DA) da UFPel"},"content":{"rendered":"<p><span style=\"color: #000000\">A Pr\u00f3-reitoria de Pesquisa e P\u00f3s-Gradua\u00e7\u00e3o da Universidade Federal de Pelotas torna p\u00fablico que est\u00e3o abertas as solicita\u00e7\u00f5es de bolsas, at\u00e9 o dia 13 de outubro de 2014, do Programa de Bolsas de Inicia\u00e7\u00e3o \u00e0 Pesquisa \u2013 Novos Pesquisadores (PBIP-NP) da UFPel e o Programa de Bolsas de Inicia\u00e7\u00e3o \u00e0 Pesquisa \u2013 Doutorado em Andamento (PBIP-DA) da UFPel.\u00a0<\/span><\/p>\n<p><span style=\"color: #000000\">O edital do Programa de Bolsas de Inicia\u00e7\u00e3o \u00e0 Pesquisa \u2013 Novos Pesquisadores (PBIP-NP) \u00e9 direcionado para pesquisadores doutores que ingressaram na UFPel a partir de 2012 ou que ingressaram antes desta data, mas que conclu\u00edram seus doutorados a partir de 2012. S\u00f3 estar\u00e3o aptos a concorrer neste edital os pesquisadores n\u00e3o contemplados nos demais editais de bolsas de IC e ITI de 2014 da PRPPG.<\/span><\/p>\n<p><span style=\"color: #000000\">O segundo edital \u00e9 o Programa de Bolsas de Inicia\u00e7\u00e3o \u00e0 Pesquisa \u2013 Doutorado em Andamento (PBIP-DA), e \u00e9 direcionado para pesquisadores da UFPel que est\u00e3o em doutoramento sem afastamento da institui\u00e7\u00e3o.<\/span><\/p>\n<p><span style=\"color: #000000\">Est\u00e3o aptos a concorrer, nos dois editais, docentes e t\u00e9cnico-administrativos da UFPel.<\/span><\/p>\n<p><span style=\"color: #000000\">Os editais e os formul\u00e1rios de inscri\u00e7\u00e3o encontram-se no link abaixo:<\/span><\/p>\n<p><span style=\"color: #000000\"><a href=\"https:\/\/wp.ufpel.edu.br\/prppg\/files\/2014\/09\/EDITAL_PBIP-DA_2014_2015.pdf\"><span style=\"color: #000000\">EDITAL_PBIP-DA_2014_2015<\/span><\/a> <\/span><\/p>\n<p><span style=\"color: #000000\"><a href=\"https:\/\/wp.ufpel.edu.br\/prppg\/files\/2014\/09\/EDITAL_PBIP-NP_2014_2015.pdf\"><span style=\"color: #000000\">EDITAL_PBIP-NP_2014_2015<\/span><\/a> <\/span><\/p>\n<p><span style=\"color: #000000\"><a href=\"https:\/\/wp.ufpel.edu.br\/prppg\/files\/2014\/09\/Ficha_de_avaliacao_do_CV_Lattes_modelo_PBIP-NP_PBIP-DA.xls\"><span style=\"color: #000000\">Ficha_de_avaliacao_do_CV_Lattes_modelo_PBIP-NP_PBIP-DA<\/span><\/a><\/span><\/p>\n","protected":false},"excerpt":{"rendered":"<p>A Pr\u00f3-reitoria de Pesquisa e P\u00f3s-Gradua\u00e7\u00e3o da Universidade Federal de Pelotas torna p\u00fablico que est\u00e3o abertas as solicita\u00e7\u00f5es de bolsas, at\u00e9 o dia 13 de outubro de 2014, do Programa de Bolsas de Inicia\u00e7\u00e3o \u00e0 Pesquisa \u2013 Novos Pesquisadores (PBIP-NP) da UFPel e o Programa de Bolsas de Inicia\u00e7\u00e3o \u00e0 Pesquisa \u2013 Doutorado em Andamento [&hellip;]<\/p>\n","protected":false},"author":45,"featured_media":0,"comment_status":"closed","ping_status":"open","sticky":false,"template":"","format":"standard","meta":{"footnotes":""},"categories":[4],"tags":[],"class_list":["post-2671","post","type-post","status-publish","format-standard","hentry","category-noticias"],"jetpack_featured_media_url":"","_links":{"self":[{"href":"https:\/\/wp.ufpel.edu.br\/prppg\/wp-json\/wp\/v2\/posts\/2671","targetHints":{"allow":["GET"]}}],"collection":[{"href":"https:\/\/wp.ufpel.edu.br\/prppg\/wp-json\/wp\/v2\/posts"}],"about":[{"href":"https:\/\/wp.ufpel.edu.br\/prppg\/wp-json\/wp\/v2\/types\/post"}],"author":[{"embeddable":true,"href":"https:\/\/wp.ufpel.edu.br\/prppg\/wp-json\/wp\/v2\/users\/45"}],"replies":[{"embeddable":true,"href":"https:\/\/wp.ufpel.edu.br\/prppg\/wp-json\/wp\/v2\/comments?post=2671"}],"version-history":[{"count":1,"href":"https:\/\/wp.ufpel.edu.br\/prppg\/wp-json\/wp\/v2\/posts\/2671\/revisions"}],"predecessor-version":[{"id":2675,"href":"https:\/\/wp.ufpel.edu.br\/prppg\/wp-json\/wp\/v2\/posts\/2671\/revisions\/2675"}],"wp:attachment":[{"href":"https:\/\/wp.ufpel.edu.br\/prppg\/wp-json\/wp\/v2\/media?parent=2671"}],"wp:term":[{"taxonomy":"category","embeddable":true,"href":"https:\/\/wp.ufpel.edu.br\/prppg\/wp-json\/wp\/v2\/categories?post=2671"},{"taxonomy":"post_tag","embeddable":true,"href":"https:\/\/wp.ufpel.edu.br\/prppg\/wp-json\/wp\/v2\/tags?post=2671"}],"curies":[{"name":"wp","href":"https:\/\/api.w.org\/{rel}","templated":true}]}}