{"id":1578,"date":"2013-12-03T12:09:20","date_gmt":"2013-12-03T14:09:20","guid":{"rendered":"https:\/\/wp.ufpel.edu.br\/prppg\/?p=1578"},"modified":"2013-12-03T12:09:20","modified_gmt":"2013-12-03T14:09:20","slug":"ufpel-lanca-edital-de-selecao-de-projetos-para-a-incubadora-de-base-tecnologica-2","status":"publish","type":"post","link":"https:\/\/wp.ufpel.edu.br\/prppg\/2013\/12\/03\/ufpel-lanca-edital-de-selecao-de-projetos-para-a-incubadora-de-base-tecnologica-2\/","title":{"rendered":"UFPel Lan\u00e7a Edital de Sele\u00e7\u00e3o de Projetos Para a Incubadora de Base Tecnol\u00f3gica."},"content":{"rendered":"<p><span style=\"color: #000000\">A Universidade Federal de Pelotas \u2013 UFPel, atrav\u00e9s da Coordena\u00e7\u00e3o de Inova\u00e7\u00e3o Tecnol\u00f3gica da Pr\u00f3-Reitoria de Pesquisa e P\u00f3s-Gradua\u00e7\u00e3o, torna p\u00fablico que est\u00e3o abertas as inscri\u00e7\u00f5es para o processo seletivo de\u00a0<strong>Novos Empreendimentos de Base Tecnol\u00f3gica<\/strong>, nas\u00a0Categorias de Pr\u00e9-Incuba\u00e7\u00e3o e Incuba\u00e7\u00e3o da Incubadora de Empresas de Base Tecnol\u00f3gica da UFPel\u00a0e convida os interessados a apresentarem suas propostas.<\/span><\/p>\n<p><span style=\"color: #000000\">O Edital tem por objetivo selecionar at\u00e9 <strong>10 projetos<\/strong> de empresas para ingresso na Incubadora de Empresas de Base Tecnol\u00f3gica da UFPel que ter\u00e1 sedes no Campus Cap\u00e3o do Le\u00e3o e tamb\u00e9m na cidade de Pelotas.<\/span><\/p>\n<p><span style=\"color: #000000\">As propostas poder\u00e3o ser apresentadas por pessoas f\u00edsicas ou jur\u00eddicas, individualmente ou em sociedade, e dever\u00e3o ter como objetivo o desenvolvimento de uma nova linha de produtos, processos e\/ou servi\u00e7os inovadores de base tecnol\u00f3gica, seja por uma empresa j\u00e1 existente ou a ser constitu\u00edda.<\/span><\/p>\n<p>O prazo de inscri\u00e7\u00e3o encerra-se no dia 20\/12\/2013. Os documentos dever\u00e3o ser entregues na Secretaria da Pr\u00f3-Reitoria de Pesquisa e P\u00f3s-Gradua\u00e7\u00e3o no Campus Porto, Rua Gomes Carneiro 1, at\u00e9 \u00e0s 18 horas.<\/p>\n<p>Mais informa\u00e7\u00f5es com Manuela na Coordena\u00e7\u00e3o de Inova\u00e7\u00e3o Tecnol\u00f3gic\/PRPPG, fone: 39211413.<\/p>\n","protected":false},"excerpt":{"rendered":"<p>A Universidade Federal de Pelotas \u2013 UFPel, atrav\u00e9s da Coordena\u00e7\u00e3o de Inova\u00e7\u00e3o Tecnol\u00f3gica da Pr\u00f3-Reitoria de Pesquisa e P\u00f3s-Gradua\u00e7\u00e3o, torna p\u00fablico que est\u00e3o abertas as inscri\u00e7\u00f5es para o processo seletivo de\u00a0Novos Empreendimentos de Base Tecnol\u00f3gica, nas\u00a0Categorias de Pr\u00e9-Incuba\u00e7\u00e3o e Incuba\u00e7\u00e3o da Incubadora de Empresas de Base Tecnol\u00f3gica da UFPel\u00a0e convida os interessados a apresentarem suas [&hellip;]<\/p>\n","protected":false},"author":45,"featured_media":0,"comment_status":"closed","ping_status":"open","sticky":false,"template":"","format":"standard","meta":{"footnotes":""},"categories":[4,23508],"tags":[],"class_list":["post-1578","post","type-post","status-publish","format-standard","hentry","category-noticias","category-oportunidades"],"jetpack_featured_media_url":"","_links":{"self":[{"href":"https:\/\/wp.ufpel.edu.br\/prppg\/wp-json\/wp\/v2\/posts\/1578","targetHints":{"allow":["GET"]}}],"collection":[{"href":"https:\/\/wp.ufpel.edu.br\/prppg\/wp-json\/wp\/v2\/posts"}],"about":[{"href":"https:\/\/wp.ufpel.edu.br\/prppg\/wp-json\/wp\/v2\/types\/post"}],"author":[{"embeddable":true,"href":"https:\/\/wp.ufpel.edu.br\/prppg\/wp-json\/wp\/v2\/users\/45"}],"replies":[{"embeddable":true,"href":"https:\/\/wp.ufpel.edu.br\/prppg\/wp-json\/wp\/v2\/comments?post=1578"}],"version-history":[{"count":1,"href":"https:\/\/wp.ufpel.edu.br\/prppg\/wp-json\/wp\/v2\/posts\/1578\/revisions"}],"predecessor-version":[{"id":1579,"href":"https:\/\/wp.ufpel.edu.br\/prppg\/wp-json\/wp\/v2\/posts\/1578\/revisions\/1579"}],"wp:attachment":[{"href":"https:\/\/wp.ufpel.edu.br\/prppg\/wp-json\/wp\/v2\/media?parent=1578"}],"wp:term":[{"taxonomy":"category","embeddable":true,"href":"https:\/\/wp.ufpel.edu.br\/prppg\/wp-json\/wp\/v2\/categories?post=1578"},{"taxonomy":"post_tag","embeddable":true,"href":"https:\/\/wp.ufpel.edu.br\/prppg\/wp-json\/wp\/v2\/tags?post=1578"}],"curies":[{"name":"wp","href":"https:\/\/api.w.org\/{rel}","templated":true}]}}