{"id":5578,"date":"2025-10-09T19:10:56","date_gmt":"2025-10-09T22:10:56","guid":{"rendered":"https:\/\/wp.ufpel.edu.br\/proplad\/?p=5578"},"modified":"2025-10-13T15:34:33","modified_gmt":"2025-10-13T18:34:33","slug":"proplad-divulga-edital-006-2025-de-bolsas-de-desenvolvimento-institucional","status":"publish","type":"post","link":"https:\/\/wp.ufpel.edu.br\/proplad\/2025\/10\/09\/proplad-divulga-edital-006-2025-de-bolsas-de-desenvolvimento-institucional\/","title":{"rendered":"PROPLAD divulga edital 006\/2025 de bolsas de desenvolvimento institucional"},"content":{"rendered":"<p>A PROPLAD torna p\u00fablico o edital de vagas remanescentes BDI. As inscri\u00e7\u00f5es s\u00e3o de 09 \u00e0 19 de outubro e h\u00e1 2 vagas dispon\u00edveis em diversas \u00e1reas.<\/p>\n<p>&nbsp;<\/p>\n<p><a href=\"https:\/\/wp.ufpel.edu.br\/proplad\/files\/2025\/10\/SEI_3348141_Edital_006_2025.pdf\">Confira o edital aqui.<\/a><\/p>\n<p><a href=\"https:\/\/wp.ufpel.edu.br\/proplad\/files\/2025\/10\/NOVAficha_inscricao_bolsas_desenvolvimento_institucional4_2_.doc\">Acesse aqui a ficha de inscri\u00e7\u00e3o.<\/a><\/p>\n","protected":false},"excerpt":{"rendered":"<p>A PROPLAD torna p\u00fablico o edital de vagas remanescentes BDI. As inscri\u00e7\u00f5es s\u00e3o de 09 \u00e0 19 de outubro e h\u00e1 2 vagas dispon\u00edveis em diversas \u00e1reas. &nbsp; Confira o edital aqui. Acesse aqui a ficha de inscri\u00e7\u00e3o.<\/p>\n","protected":false},"author":1467,"featured_media":0,"comment_status":"closed","ping_status":"closed","sticky":false,"template":"","format":"standard","meta":{"jetpack_post_was_ever_published":false,"_jetpack_newsletter_access":"","_jetpack_dont_email_post_to_subs":false,"_jetpack_newsletter_tier_id":0,"_jetpack_memberships_contains_paywalled_content":false,"_jetpack_memberships_contains_paid_content":false,"footnotes":"","jetpack_publicize_message":"","jetpack_publicize_feature_enabled":true,"jetpack_social_post_already_shared":true,"jetpack_social_options":{"image_generator_settings":{"template":"highway","default_image_id":0,"font":"","enabled":false},"version":2}},"categories":[3],"tags":[],"class_list":["post-5578","post","type-post","status-publish","format-standard","hentry","category-em-destaque-3"],"jetpack_publicize_connections":[],"jetpack_featured_media_url":"","jetpack_sharing_enabled":true,"_links":{"self":[{"href":"https:\/\/wp.ufpel.edu.br\/proplad\/wp-json\/wp\/v2\/posts\/5578","targetHints":{"allow":["GET"]}}],"collection":[{"href":"https:\/\/wp.ufpel.edu.br\/proplad\/wp-json\/wp\/v2\/posts"}],"about":[{"href":"https:\/\/wp.ufpel.edu.br\/proplad\/wp-json\/wp\/v2\/types\/post"}],"author":[{"embeddable":true,"href":"https:\/\/wp.ufpel.edu.br\/proplad\/wp-json\/wp\/v2\/users\/1467"}],"replies":[{"embeddable":true,"href":"https:\/\/wp.ufpel.edu.br\/proplad\/wp-json\/wp\/v2\/comments?post=5578"}],"version-history":[{"count":2,"href":"https:\/\/wp.ufpel.edu.br\/proplad\/wp-json\/wp\/v2\/posts\/5578\/revisions"}],"predecessor-version":[{"id":5583,"href":"https:\/\/wp.ufpel.edu.br\/proplad\/wp-json\/wp\/v2\/posts\/5578\/revisions\/5583"}],"wp:attachment":[{"href":"https:\/\/wp.ufpel.edu.br\/proplad\/wp-json\/wp\/v2\/media?parent=5578"}],"wp:term":[{"taxonomy":"category","embeddable":true,"href":"https:\/\/wp.ufpel.edu.br\/proplad\/wp-json\/wp\/v2\/categories?post=5578"},{"taxonomy":"post_tag","embeddable":true,"href":"https:\/\/wp.ufpel.edu.br\/proplad\/wp-json\/wp\/v2\/tags?post=5578"}],"curies":[{"name":"wp","href":"https:\/\/api.w.org\/{rel}","templated":true}]}}