{"id":5550,"date":"2025-07-18T09:22:04","date_gmt":"2025-07-18T12:22:04","guid":{"rendered":"https:\/\/wp.ufpel.edu.br\/proplad\/?p=5550"},"modified":"2025-07-18T17:41:49","modified_gmt":"2025-07-18T20:41:49","slug":"proplad-divulga-edital-004-2025de-bolsas-de-desenvolvimento-institucional","status":"publish","type":"post","link":"https:\/\/wp.ufpel.edu.br\/proplad\/2025\/07\/18\/proplad-divulga-edital-004-2025de-bolsas-de-desenvolvimento-institucional\/","title":{"rendered":"PROPLAD divulga edital 004\/2025 de bolsas de desenvolvimento institucional"},"content":{"rendered":"<p>Est\u00e3o abertas as inscri\u00e7\u00f5es para o edital 004\/2025 de bolsas de desenvolvimento institucional (BDI) de 18\/7 a 23\/7 com 7 vagas em diversas \u00e1reas.<\/p>\n<p>&nbsp;<\/p>\n<p><a href=\"https:\/\/wp.ufpel.edu.br\/proplad\/files\/2025\/07\/SEI_3158596_Edital_004_2025.pdf\">Confira o edital.<\/a><\/p>\n","protected":false},"excerpt":{"rendered":"<p>Est\u00e3o abertas as inscri\u00e7\u00f5es para o edital 004\/2025 de bolsas de desenvolvimento institucional (BDI) de 18\/7 a 23\/7 com 7 vagas em diversas \u00e1reas. &nbsp; Confira o edital.<\/p>\n","protected":false},"author":1467,"featured_media":0,"comment_status":"closed","ping_status":"closed","sticky":false,"template":"","format":"standard","meta":{"jetpack_post_was_ever_published":false,"_jetpack_newsletter_access":"","_jetpack_dont_email_post_to_subs":false,"_jetpack_newsletter_tier_id":0,"_jetpack_memberships_contains_paywalled_content":false,"_jetpack_memberships_contains_paid_content":false,"footnotes":"","jetpack_publicize_message":"","jetpack_publicize_feature_enabled":true,"jetpack_social_post_already_shared":true,"jetpack_social_options":{"image_generator_settings":{"template":"highway","default_image_id":0,"font":"","enabled":false},"version":2}},"categories":[3],"tags":[],"class_list":["post-5550","post","type-post","status-publish","format-standard","hentry","category-em-destaque-3"],"jetpack_publicize_connections":[],"jetpack_featured_media_url":"","jetpack_sharing_enabled":true,"_links":{"self":[{"href":"https:\/\/wp.ufpel.edu.br\/proplad\/wp-json\/wp\/v2\/posts\/5550","targetHints":{"allow":["GET"]}}],"collection":[{"href":"https:\/\/wp.ufpel.edu.br\/proplad\/wp-json\/wp\/v2\/posts"}],"about":[{"href":"https:\/\/wp.ufpel.edu.br\/proplad\/wp-json\/wp\/v2\/types\/post"}],"author":[{"embeddable":true,"href":"https:\/\/wp.ufpel.edu.br\/proplad\/wp-json\/wp\/v2\/users\/1467"}],"replies":[{"embeddable":true,"href":"https:\/\/wp.ufpel.edu.br\/proplad\/wp-json\/wp\/v2\/comments?post=5550"}],"version-history":[{"count":4,"href":"https:\/\/wp.ufpel.edu.br\/proplad\/wp-json\/wp\/v2\/posts\/5550\/revisions"}],"predecessor-version":[{"id":5562,"href":"https:\/\/wp.ufpel.edu.br\/proplad\/wp-json\/wp\/v2\/posts\/5550\/revisions\/5562"}],"wp:attachment":[{"href":"https:\/\/wp.ufpel.edu.br\/proplad\/wp-json\/wp\/v2\/media?parent=5550"}],"wp:term":[{"taxonomy":"category","embeddable":true,"href":"https:\/\/wp.ufpel.edu.br\/proplad\/wp-json\/wp\/v2\/categories?post=5550"},{"taxonomy":"post_tag","embeddable":true,"href":"https:\/\/wp.ufpel.edu.br\/proplad\/wp-json\/wp\/v2\/tags?post=5550"}],"curies":[{"name":"wp","href":"https:\/\/api.w.org\/{rel}","templated":true}]}}