{"id":524,"date":"2019-04-24T12:38:01","date_gmt":"2019-04-24T15:38:01","guid":{"rendered":"https:\/\/wp.ufpel.edu.br\/projetoimplantes\/?p=524"},"modified":"2019-04-24T12:42:19","modified_gmt":"2019-04-24T15:42:19","slug":"acao_ensino","status":"publish","type":"post","link":"https:\/\/wp.ufpel.edu.br\/projetoimplantes\/2019\/04\/24\/acao_ensino\/","title":{"rendered":"A\u00e7\u00e3o de ensino visa estabelecer regras e unificar ensino, pesquisa e extens\u00e3o"},"content":{"rendered":"<p><img loading=\"lazy\" decoding=\"async\" data-attachment-id=\"514\" data-permalink=\"https:\/\/wp.ufpel.edu.br\/projetoimplantes\/untitled-1-2\/\" data-orig-file=\"https:\/\/wp.ufpel.edu.br\/projetoimplantes\/files\/2019\/04\/Untitled-1-e1556120135758.jpg\" data-orig-size=\"1111,668\" data-comments-opened=\"0\" data-image-meta=\"{&quot;aperture&quot;:&quot;0&quot;,&quot;credit&quot;:&quot;&quot;,&quot;camera&quot;:&quot;&quot;,&quot;caption&quot;:&quot;&quot;,&quot;created_timestamp&quot;:&quot;0&quot;,&quot;copyright&quot;:&quot;&quot;,&quot;focal_length&quot;:&quot;0&quot;,&quot;iso&quot;:&quot;0&quot;,&quot;shutter_speed&quot;:&quot;0&quot;,&quot;title&quot;:&quot;&quot;,&quot;orientation&quot;:&quot;1&quot;}\" data-image-title=\"Untitled-1\" data-image-description=\"\" data-image-caption=\"\" data-medium-file=\"https:\/\/wp.ufpel.edu.br\/projetoimplantes\/files\/2019\/04\/Untitled-1-e1556120135758-400x241.jpg\" data-large-file=\"https:\/\/wp.ufpel.edu.br\/projetoimplantes\/files\/2019\/04\/Untitled-1-e1556120135758-1024x616.jpg\" class=\"alignnone size-full wp-image-514\" src=\"https:\/\/wp.ufpel.edu.br\/projetoimplantes\/files\/2019\/04\/Untitled-1-e1556120135758.jpg\" alt=\"\" width=\"1111\" height=\"668\" srcset=\"https:\/\/wp.ufpel.edu.br\/projetoimplantes\/files\/2019\/04\/Untitled-1-e1556120135758.jpg 1111w, https:\/\/wp.ufpel.edu.br\/projetoimplantes\/files\/2019\/04\/Untitled-1-e1556120135758-400x241.jpg 400w, https:\/\/wp.ufpel.edu.br\/projetoimplantes\/files\/2019\/04\/Untitled-1-e1556120135758-768x462.jpg 768w, https:\/\/wp.ufpel.edu.br\/projetoimplantes\/files\/2019\/04\/Untitled-1-e1556120135758-1024x616.jpg 1024w, https:\/\/wp.ufpel.edu.br\/projetoimplantes\/files\/2019\/04\/Untitled-1-e1556120135758-619x372.jpg 619w\" sizes=\"auto, (max-width: 1111px) 100vw, 1111px\" \/><\/p>\n<p style=\"text-align: justify\">Come\u00e7ou ontem a primeira reuni\u00e3o relacionada \u00e0 a\u00e7\u00e3o de ensino &#8220;O processo de aprendizagem do aluno imerso em um projeto de extens\u00e3o em implantodontia&#8221;. Esta a\u00e7\u00e3o que \u00e9 realizada com a colabora\u00e7\u00e3o da Profa. Dra. Daniela Fuhro Vilas Boas, do Instituto Prof\u00edcere, tem como objetivo o estabelecimento de um fio condutor entre os conhecimentos conceituais e pr\u00e1ticos envolvidos em todo o projeto, com a meta de aumentar o conhecimento do aluno sem descuidar do paciente.<\/p>\n<p style=\"text-align: justify\">A ideia principal desta a\u00e7\u00e3o \u00e9 estabelecer regras comuns \u00e0 todos os integrantes do projeto, que visam vencer o desafio de unifica\u00e7\u00e3o de todas as a\u00e7\u00f5es realizadas no nosso projeto, sejam elas de ensino (Ensino de Gradua\u00e7\u00e3o de Pr\u00f3teses Sobre Implantes; Grupo de estudos para discuss\u00e3o da literatura pertinente e casos cl\u00ednicos), pesquisa (Acompanhamento longitudinal de pacientes submetidos a instala\u00e7\u00e3o de implantes e confec\u00e7\u00e3o de pr\u00f3teses sobre implantes; Influ\u00eancia da terapia com laser de baixa pot\u00eancia em aspectos cl\u00ednicos e subjetivos ap\u00f3s a extra\u00e7\u00e3o de dentes e coloca\u00e7\u00e3o de implantes unit\u00e1rios imediatos: Estudo cl\u00ednico randomizado; e Avalia\u00e7\u00e3o do sucesso, sobreviv\u00eancia, perda \u00f3ssea marginal e complica\u00e7\u00f5es de pr\u00f3teses sobre implantes dent\u00e1rios com diferentes tipos de conex\u00e3o implante-pr\u00f3tese: Ensaio cl\u00ednico randomizado), ou extens\u00e3o (Atendimento Cl\u00ednico de Pacientes envolvendo a reabilita\u00e7\u00e3o com pr\u00f3teses sobre implantes).<\/p>\n","protected":false},"excerpt":{"rendered":"<p>Come\u00e7ou ontem a primeira reuni\u00e3o relacionada \u00e0 a\u00e7\u00e3o de ensino &#8220;O processo de aprendizagem do aluno imerso em um projeto de extens\u00e3o em implantodontia&#8221;. Esta a\u00e7\u00e3o que \u00e9 realizada com a colabora\u00e7\u00e3o da Profa. Dra. Daniela Fuhro Vilas Boas, do Instituto Prof\u00edcere, tem como objetivo o estabelecimento de um fio condutor entre os conhecimentos conceituais [&hellip;]<\/p>\n","protected":false},"author":511,"featured_media":0,"comment_status":"closed","ping_status":"closed","sticky":false,"template":"","format":"standard","meta":{"jetpack_post_was_ever_published":false,"_jetpack_newsletter_access":"","_jetpack_dont_email_post_to_subs":false,"_jetpack_newsletter_tier_id":0,"_jetpack_memberships_contains_paywalled_content":false,"_jetpack_memberships_contains_paid_content":false,"footnotes":"","jetpack_publicize_message":"","jetpack_publicize_feature_enabled":true,"jetpack_social_post_already_shared":true,"jetpack_social_options":{"image_generator_settings":{"template":"highway","default_image_id":0,"font":"","enabled":false},"version":2}},"categories":[1],"tags":[],"class_list":["post-524","post","type-post","status-publish","format-standard","hentry","category-noticias"],"jetpack_publicize_connections":[],"jetpack_featured_media_url":"","jetpack_sharing_enabled":true,"jetpack_shortlink":"https:\/\/wp.me\/pau6CR-8s","jetpack-related-posts":[],"_links":{"self":[{"href":"https:\/\/wp.ufpel.edu.br\/projetoimplantes\/wp-json\/wp\/v2\/posts\/524","targetHints":{"allow":["GET"]}}],"collection":[{"href":"https:\/\/wp.ufpel.edu.br\/projetoimplantes\/wp-json\/wp\/v2\/posts"}],"about":[{"href":"https:\/\/wp.ufpel.edu.br\/projetoimplantes\/wp-json\/wp\/v2\/types\/post"}],"author":[{"embeddable":true,"href":"https:\/\/wp.ufpel.edu.br\/projetoimplantes\/wp-json\/wp\/v2\/users\/511"}],"replies":[{"embeddable":true,"href":"https:\/\/wp.ufpel.edu.br\/projetoimplantes\/wp-json\/wp\/v2\/comments?post=524"}],"version-history":[{"count":2,"href":"https:\/\/wp.ufpel.edu.br\/projetoimplantes\/wp-json\/wp\/v2\/posts\/524\/revisions"}],"predecessor-version":[{"id":527,"href":"https:\/\/wp.ufpel.edu.br\/projetoimplantes\/wp-json\/wp\/v2\/posts\/524\/revisions\/527"}],"wp:attachment":[{"href":"https:\/\/wp.ufpel.edu.br\/projetoimplantes\/wp-json\/wp\/v2\/media?parent=524"}],"wp:term":[{"taxonomy":"category","embeddable":true,"href":"https:\/\/wp.ufpel.edu.br\/projetoimplantes\/wp-json\/wp\/v2\/categories?post=524"},{"taxonomy":"post_tag","embeddable":true,"href":"https:\/\/wp.ufpel.edu.br\/projetoimplantes\/wp-json\/wp\/v2\/tags?post=524"}],"curies":[{"name":"wp","href":"https:\/\/api.w.org\/{rel}","templated":true}]}}