{"id":6127,"date":"2026-03-27T14:35:07","date_gmt":"2026-03-27T17:35:07","guid":{"rendered":"https:\/\/wp.ufpel.edu.br\/projetogama\/?p=6127"},"modified":"2026-03-27T14:45:34","modified_gmt":"2026-03-27T17:45:34","slug":"selecionados-para-o-curso-de-funcoes","status":"publish","type":"post","link":"https:\/\/wp.ufpel.edu.br\/projetogama\/2026\/03\/27\/selecionados-para-o-curso-de-funcoes\/","title":{"rendered":"Selecionados para o curso de Fun\u00e7\u00f5es"},"content":{"rendered":"<p>In\u00edcio em 28\/03\/2026.<\/p>\n<p>Mais informa\u00e7\u00f5es ser\u00e3o enviadas pelo e-mail cadastrado no ato da inscri\u00e7\u00e3o.<\/p>\n<table style=\"width: 386px;\" width=\"325\">\n<tbody>\n<tr>\n<td style=\"width: 386px;\" width=\"325\">ALEXANDRE DA CONCEI\u00c7\u00c3O SOARES<\/td>\n<\/tr>\n<tr>\n<td style=\"width: 386px;\">ALICE ACOSTA CORR\u00caA<\/td>\n<\/tr>\n<tr>\n<td style=\"width: 386px;\">ALICE OLIVEIRA SCHEFFEL<\/td>\n<\/tr>\n<tr>\n<td style=\"width: 386px;\">ALLANA REBEKA DE SANTANA<\/td>\n<\/tr>\n<tr>\n<td style=\"width: 386px;\">AMANDA APARECIDA DE AQUINO<\/td>\n<\/tr>\n<tr>\n<td style=\"width: 386px;\">AMANDA NEUENFELD SPITZER DOS PASSOS<\/td>\n<\/tr>\n<tr>\n<td style=\"width: 386px;\">AMANDA RIBEIRO DA SILVA<\/td>\n<\/tr>\n<tr>\n<td style=\"width: 386px;\">AMANDA VARGAS CABRAL<\/td>\n<\/tr>\n<tr>\n<td style=\"width: 386px;\">ANA RITA MUNARI DE AZEVEDO<\/td>\n<\/tr>\n<tr>\n<td style=\"width: 386px;\">ANDRESSA LADWIG KILPPE<\/td>\n<\/tr>\n<tr>\n<td style=\"width: 386px;\">ANNA LUIZA PELLEJERO MARCELLI<\/td>\n<\/tr>\n<tr>\n<td style=\"width: 386px;\">ANT\u00d4NIA MACHADO CARRARO<\/td>\n<\/tr>\n<tr>\n<td style=\"width: 386px;\">BEATRIZ ROSA RIBEIRO<\/td>\n<\/tr>\n<tr>\n<td style=\"width: 386px;\">CAMILA BOHRER FOSTER<\/td>\n<\/tr>\n<tr>\n<td style=\"width: 386px;\">CAMILA CORR\u00caA TORINO<\/td>\n<\/tr>\n<tr>\n<td style=\"width: 386px;\">CAMILA LUIZ ELIAS<\/td>\n<\/tr>\n<tr>\n<td style=\"width: 386px;\">CAMILA MENDON\u00c7A DE SOUZA<\/td>\n<\/tr>\n<tr>\n<td style=\"width: 386px;\">C\u00c9SAR VASCONCELOS E PINHEIRO<\/td>\n<\/tr>\n<tr>\n<td style=\"width: 386px;\">DANIEL WEBER PINHEIRO<\/td>\n<\/tr>\n<tr>\n<td style=\"width: 386px;\">DAVI MORAES DA SILVA<\/td>\n<\/tr>\n<tr>\n<td style=\"width: 386px;\">DOUGLAS FELIPE PIZARRO DUARTE<\/td>\n<\/tr>\n<tr>\n<td style=\"width: 386px;\">EDSON DE BASTOS BARROZO<\/td>\n<\/tr>\n<tr>\n<td style=\"width: 386px;\">EDUARDA DE VARGAS ALTMANN<\/td>\n<\/tr>\n<tr>\n<td style=\"width: 386px;\">EDUARDA MARQUES PRESA<\/td>\n<\/tr>\n<tr>\n<td style=\"width: 386px;\">EDUARDO LAYDNER SOARES<\/td>\n<\/tr>\n<tr>\n<td style=\"width: 386px;\">EWELLEN DIAS FERREIRA<\/td>\n<\/tr>\n<tr>\n<td style=\"width: 386px;\">FABIANO DA SILVEIRA SATLER<\/td>\n<\/tr>\n<tr>\n<td style=\"width: 386px;\">FL\u00c1VIA FLESCH MACHADO<\/td>\n<\/tr>\n<tr>\n<td style=\"width: 386px;\">GABRIEL ANTUNES GON\u00c7ALVES<\/td>\n<\/tr>\n<tr>\n<td style=\"width: 386px;\">GABRIEL DOS SANTOS DE JESUS<\/td>\n<\/tr>\n<tr>\n<td style=\"width: 386px;\">GABRIEL HENRIQUE RIBEIRO E SILVA<\/td>\n<\/tr>\n<tr>\n<td style=\"width: 386px;\">GABRIEL MOURA NEUGEBAUER<\/td>\n<\/tr>\n<tr>\n<td style=\"width: 386px;\">GIORGIA COSTA FIORESE<\/td>\n<\/tr>\n<tr>\n<td style=\"width: 386px;\">GLENDA MARIA KORALESKI LOPES<\/td>\n<\/tr>\n<tr>\n<td style=\"width: 386px;\">GUILHERME PRIETSCH<\/td>\n<\/tr>\n<tr>\n<td style=\"width: 386px;\">HEITOR SILVA AVILA<\/td>\n<\/tr>\n<tr>\n<td style=\"width: 386px;\">HENRY BELLOMO LOPES<\/td>\n<\/tr>\n<tr>\n<td style=\"width: 386px;\">JAMILA AMARAL DA SILVA<\/td>\n<\/tr>\n<tr>\n<td style=\"width: 386px;\">JENNIFER TERMESANO GUTIERREZ<\/td>\n<\/tr>\n<tr>\n<td style=\"width: 386px;\">JO\u00c3O VITOR DOS SANTOS FACKLAMM<\/td>\n<\/tr>\n<tr>\n<td style=\"width: 386px;\">JULIANA SCAGLIONI<\/td>\n<\/tr>\n<tr>\n<td style=\"width: 386px;\">JULIANA SILVEIRA DE OLIVEIRA<\/td>\n<\/tr>\n<tr>\n<td style=\"width: 386px;\">KAIEANNE WOLLMANN SILVA<\/td>\n<\/tr>\n<tr>\n<td style=\"width: 386px;\">KARINA PERALDO DA SILVA<\/td>\n<\/tr>\n<tr>\n<td style=\"width: 386px;\">KAUAN SILVA SANTOS<\/td>\n<\/tr>\n<tr>\n<td style=\"width: 386px;\">LARISSA BERMUDEZ SCHIMULFENING<\/td>\n<\/tr>\n<tr>\n<td style=\"width: 386px;\">LEOMAR CASTRO<\/td>\n<\/tr>\n<tr>\n<td style=\"width: 386px;\">LISAINE DA SILVA DE MATOS<\/td>\n<\/tr>\n<tr>\n<td style=\"width: 386px;\">L\u00cdVIA SOUZA COLARES<\/td>\n<\/tr>\n<tr>\n<td style=\"width: 386px;\">LUANA BORGES MACHADO<\/td>\n<\/tr>\n<tr>\n<td style=\"width: 386px;\">LUANA STERN TIMM<\/td>\n<\/tr>\n<tr>\n<td style=\"width: 386px;\">LUCAS CHAVES PEREIRA<\/td>\n<\/tr>\n<tr>\n<td style=\"width: 386px;\">LUCAS DONIZETE DA SILVA ALVES<\/td>\n<\/tr>\n<tr>\n<td style=\"width: 386px;\">LUIGI ROSSI GRAFOLIN<\/td>\n<\/tr>\n<tr>\n<td style=\"width: 386px;\">LUIZ GUSTAVO CASTILHOS SILVEIRA<\/td>\n<\/tr>\n<tr>\n<td style=\"width: 386px;\">MARCOS DA SILVA GAIARDO<\/td>\n<\/tr>\n<tr>\n<td style=\"width: 386px;\">MARIA FRANCIELEN GARCIA CANALS<\/td>\n<\/tr>\n<tr>\n<td style=\"width: 386px;\">MARI\u00c1 STEIN FIGUEIREDO<\/td>\n<\/tr>\n<tr>\n<td style=\"width: 386px;\">MARIANA DE OLIVEIRA PEREIRA<\/td>\n<\/tr>\n<tr>\n<td style=\"width: 386px;\">MARI\u00ca MARAGALHONI SOUZA<\/td>\n<\/tr>\n<tr>\n<td style=\"width: 386px;\">MARINELI REIS<\/td>\n<\/tr>\n<tr>\n<td style=\"width: 386px;\">MATHEUS BORMANN<\/td>\n<\/tr>\n<tr>\n<td style=\"width: 386px;\">MIGUEL BUENO TOMAZI<\/td>\n<\/tr>\n<tr>\n<td style=\"width: 386px;\">MONIQUE MACEDO E SILVA<\/td>\n<\/tr>\n<tr>\n<td style=\"width: 386px;\">NATALI CRUZ VIEIRA<\/td>\n<\/tr>\n<tr>\n<td style=\"width: 386px;\">NAT\u00c1LIA SILVA DA SILVA<\/td>\n<\/tr>\n<tr>\n<td style=\"width: 386px;\">NATASHA SILVA FALC\u00c3O<\/td>\n<\/tr>\n<tr>\n<td style=\"width: 386px;\">NATIELE CANEZ CAMARGO<\/td>\n<\/tr>\n<tr>\n<td style=\"width: 386px;\">NICOLAU URACH FREITAS<\/td>\n<\/tr>\n<tr>\n<td style=\"width: 386px;\">NYCOLE DE SOUZA ACUNHA<\/td>\n<\/tr>\n<tr>\n<td style=\"width: 386px;\">PABLO RAFAEL MARTINS MENDES<\/td>\n<\/tr>\n<tr>\n<td style=\"width: 386px;\">PEDRO NUNES ALMEIDA<\/td>\n<\/tr>\n<tr>\n<td style=\"width: 386px;\">PIETRO DUTRA DA SILVA COELHO<\/td>\n<\/tr>\n<tr>\n<td style=\"width: 386px;\">RAISSA HARTWIG DA SILVA<\/td>\n<\/tr>\n<tr>\n<td style=\"width: 386px;\">ROSELAINE TREVISOL DUTRA<\/td>\n<\/tr>\n<tr>\n<td style=\"width: 386px;\">THEO GARCIA ESPINDOLA PORTO<\/td>\n<\/tr>\n<tr>\n<td style=\"width: 386px;\">VICTOR ANT\u00d4NIO BENEVENUTO DOS SANTOS<\/td>\n<\/tr>\n<tr>\n<td style=\"width: 386px;\">VIT\u00d3RIA DA SILVA RODRIGUES<\/td>\n<\/tr>\n<tr>\n<td style=\"width: 386px;\">VIT\u00d3RIA MATOSO MESQUITA<\/td>\n<\/tr>\n<tr>\n<td style=\"width: 386px;\">VITORIO HENRIQUE PANITZ RECH<\/td>\n<\/tr>\n<tr>\n<td style=\"width: 386px;\">YURI VELASCO TAVARES<\/td>\n<\/tr>\n<\/tbody>\n<\/table>\n<p>&nbsp;<\/p>\n<p>&nbsp;<\/p>\n","protected":false},"excerpt":{"rendered":"<p>In\u00edcio em 28\/03\/2026. Mais informa\u00e7\u00f5es ser\u00e3o enviadas pelo e-mail cadastrado no ato da inscri\u00e7\u00e3o. ALEXANDRE DA CONCEI\u00c7\u00c3O SOARES ALICE ACOSTA CORR\u00caA ALICE OLIVEIRA SCHEFFEL ALLANA REBEKA DE SANTANA AMANDA APARECIDA [&hellip;]<\/p>\n","protected":false},"author":437,"featured_media":0,"comment_status":"closed","ping_status":"closed","sticky":false,"template":"","format":"standard","meta":{"jetpack_post_was_ever_published":false,"_jetpack_newsletter_access":"","_jetpack_dont_email_post_to_subs":false,"_jetpack_newsletter_tier_id":0,"_jetpack_memberships_contains_paywalled_content":false,"_jetpack_memberships_contains_paid_content":false,"footnotes":"","jetpack_publicize_message":"","jetpack_publicize_feature_enabled":true,"jetpack_social_post_already_shared":true,"jetpack_social_options":{"image_generator_settings":{"template":"highway","default_image_id":0,"font":"","enabled":false},"version":2}},"categories":[18],"tags":[],"class_list":["post-6127","post","type-post","status-publish","format-standard","hentry","category-inicio-inicio"],"jetpack_publicize_connections":[],"jetpack_featured_media_url":"","jetpack_sharing_enabled":true,"jetpack_shortlink":"https:\/\/wp.me\/p6Slop-1AP","_links":{"self":[{"href":"https:\/\/wp.ufpel.edu.br\/projetogama\/wp-json\/wp\/v2\/posts\/6127","targetHints":{"allow":["GET"]}}],"collection":[{"href":"https:\/\/wp.ufpel.edu.br\/projetogama\/wp-json\/wp\/v2\/posts"}],"about":[{"href":"https:\/\/wp.ufpel.edu.br\/projetogama\/wp-json\/wp\/v2\/types\/post"}],"author":[{"embeddable":true,"href":"https:\/\/wp.ufpel.edu.br\/projetogama\/wp-json\/wp\/v2\/users\/437"}],"replies":[{"embeddable":true,"href":"https:\/\/wp.ufpel.edu.br\/projetogama\/wp-json\/wp\/v2\/comments?post=6127"}],"version-history":[{"count":3,"href":"https:\/\/wp.ufpel.edu.br\/projetogama\/wp-json\/wp\/v2\/posts\/6127\/revisions"}],"predecessor-version":[{"id":6142,"href":"https:\/\/wp.ufpel.edu.br\/projetogama\/wp-json\/wp\/v2\/posts\/6127\/revisions\/6142"}],"wp:attachment":[{"href":"https:\/\/wp.ufpel.edu.br\/projetogama\/wp-json\/wp\/v2\/media?parent=6127"}],"wp:term":[{"taxonomy":"category","embeddable":true,"href":"https:\/\/wp.ufpel.edu.br\/projetogama\/wp-json\/wp\/v2\/categories?post=6127"},{"taxonomy":"post_tag","embeddable":true,"href":"https:\/\/wp.ufpel.edu.br\/projetogama\/wp-json\/wp\/v2\/tags?post=6127"}],"curies":[{"name":"wp","href":"https:\/\/api.w.org\/{rel}","templated":true}]}}