{"id":5993,"date":"2025-06-26T16:31:11","date_gmt":"2025-06-26T19:31:11","guid":{"rendered":"https:\/\/wp.ufpel.edu.br\/projetogama\/?p=5993"},"modified":"2025-06-26T16:31:11","modified_gmt":"2025-06-26T19:31:11","slug":"selecionados-para-o-curso-de-derivadas","status":"publish","type":"post","link":"https:\/\/wp.ufpel.edu.br\/projetogama\/2025\/06\/26\/selecionados-para-o-curso-de-derivadas\/","title":{"rendered":"Selecionados para o curso de Derivadas"},"content":{"rendered":"<p>In\u00edcio em\u00a0 28\/06.<\/p>\n<p>Mais informa\u00e7\u00f5es ser\u00e3o enviadas pelo e-mail cadastrado no ato da inscri\u00e7\u00e3o.<\/p>\n<p style=\"text-align: center;\"><strong>DERIVADAS<\/strong><\/p>\n<table style=\"width: 365px;\" width=\"263\">\n<tbody>\n<tr>\n<td style=\"font-weight: 400; width: 365px;\" width=\"263\">ADRIAN LOUREN\u00c7O DE MORAES<\/td>\n<\/tr>\n<tr>\n<td style=\"font-weight: 400; width: 365px;\">ALEXANDRE PEREIRA CARDOSO<\/td>\n<\/tr>\n<tr>\n<td style=\"font-weight: 400; width: 365px;\">\u00c1LISSON DUARTE LEITE<\/td>\n<\/tr>\n<tr>\n<td style=\"font-weight: 400; width: 365px;\">AMANDA DUMMER LOPES<\/td>\n<\/tr>\n<tr>\n<td style=\"font-weight: 400; width: 365px;\">ANA LUIZA BRUNO BECK<\/td>\n<\/tr>\n<tr>\n<td style=\"font-weight: 400; width: 365px;\">BIANCA RANGEL DA COSTA<\/td>\n<\/tr>\n<tr>\n<td style=\"font-weight: 400; width: 365px;\">BIANCA SCHULZ VARGAS<\/td>\n<\/tr>\n<tr>\n<td style=\"font-weight: 400; width: 365px;\">CAMILLY MELO HAHN<\/td>\n<\/tr>\n<tr>\n<td style=\"font-weight: 400; width: 365px;\">CLARISSA PATRICE FREITAS CRIVELLARO<\/td>\n<\/tr>\n<tr>\n<td style=\"font-weight: 400; width: 365px;\">EMANUELE MAIDANA PEREIRA<\/td>\n<\/tr>\n<tr>\n<td style=\"font-weight: 400; width: 365px;\">ERICK BILHALVA SOARES<\/td>\n<\/tr>\n<tr>\n<td style=\"font-weight: 400; width: 365px;\">FILIPE BARBOSA URRUTIA<\/td>\n<\/tr>\n<tr>\n<td style=\"font-weight: 400; width: 365px;\">GEZI\u00c9L PACHECO DE MEDEIROS<\/td>\n<\/tr>\n<tr>\n<td style=\"font-weight: 400; width: 365px;\">GUILHERME MACIEL MUNHOZ<\/td>\n<\/tr>\n<tr>\n<td style=\"font-weight: 400; width: 365px;\">ISABELLE MICHIELIN PERIN<\/td>\n<\/tr>\n<tr>\n<td style=\"font-weight: 400; width: 365px;\">JO\u00c3O PEDRO DA ROSA CEGLINSKI<\/td>\n<\/tr>\n<tr>\n<td style=\"font-weight: 400; width: 365px;\">JONATAS PACHECO DE MEDEIROS<\/td>\n<\/tr>\n<tr>\n<td style=\"font-weight: 400; width: 365px;\">JULIANA PINTO VILELA<\/td>\n<\/tr>\n<tr>\n<td style=\"font-weight: 400; width: 365px;\">JULIO SANTOS DE ALMEIDA<\/td>\n<\/tr>\n<tr>\n<td style=\"font-weight: 400; width: 365px;\">LUCAS BECKER MARQUES<\/td>\n<\/tr>\n<tr>\n<td style=\"font-weight: 400; width: 365px;\">LUIS HENRIQUE DE FREITAS BRUM<\/td>\n<\/tr>\n<tr>\n<td style=\"font-weight: 400; width: 365px;\">MARIANA FERREIRA TICA<\/td>\n<\/tr>\n<tr>\n<td style=\"font-weight: 400; width: 365px;\">MATHEUS GON\u00c7ALVES CARDOZO<\/td>\n<\/tr>\n<tr>\n<td style=\"font-weight: 400; width: 365px;\">NAT\u00c1LIA SALVI GON\u00c7ALVES<\/td>\n<\/tr>\n<tr>\n<td style=\"font-weight: 400; width: 365px;\">NICOLY DOS SANTOS OLIVEIRA<\/td>\n<\/tr>\n<tr>\n<td style=\"font-weight: 400; width: 365px;\">NOLBERTO FARIAS DA ROSA<\/td>\n<\/tr>\n<tr>\n<td style=\"font-weight: 400; width: 365px;\">PEDRO DE FREITAS SCHEEREN<\/td>\n<\/tr>\n<tr>\n<td style=\"font-weight: 400; width: 365px;\">PEDRO HENRIQUE TE\u00d3FILO BAZIOTTO<\/td>\n<\/tr>\n<tr>\n<td style=\"font-weight: 400; width: 365px;\">PEDRO YURI DOS ANJOS CORR\u00caA<\/td>\n<\/tr>\n<tr>\n<td style=\"font-weight: 400; width: 365px;\">PRISCILA FURTADO DIAS<\/td>\n<\/tr>\n<tr>\n<td style=\"font-weight: 400; width: 365px;\">RENATA DOS SANTOS SEYFFERT<\/td>\n<\/tr>\n<tr>\n<td style=\"font-weight: 400; width: 365px;\">ST\u00c9FANI DA SILVA OLIVEIRA DIAS<\/td>\n<\/tr>\n<tr>\n<td style=\"font-weight: 400; width: 365px;\">ST\u00c9FANI DA SILVA OLIVEIRA DIAS<\/td>\n<\/tr>\n<tr>\n<td style=\"font-weight: 400; width: 365px;\">TATIELE TEODORO PINTO<\/td>\n<\/tr>\n<tr>\n<td style=\"font-weight: 400; width: 365px;\">THAIS MOREIRA DA SILVA DE MEDEIROS<\/td>\n<\/tr>\n<tr>\n<td style=\"font-weight: 400; width: 365px;\">THIAGO TADEO DE ALC\u00c1NTARA ESPINEL<\/td>\n<\/tr>\n<tr>\n<td style=\"font-weight: 400; width: 365px;\">WESLEY FARIAS PEREIRA<\/td>\n<\/tr>\n<\/tbody>\n<\/table>\n<p><\/p>\n","protected":false},"excerpt":{"rendered":"<p>In\u00edcio em\u00a0 28\/06. Mais informa\u00e7\u00f5es ser\u00e3o enviadas pelo e-mail cadastrado no ato da inscri\u00e7\u00e3o. DERIVADAS ADRIAN LOUREN\u00c7O DE MORAES ALEXANDRE PEREIRA CARDOSO \u00c1LISSON DUARTE LEITE AMANDA DUMMER LOPES ANA LUIZA [&hellip;]<\/p>\n","protected":false},"author":437,"featured_media":0,"comment_status":"closed","ping_status":"closed","sticky":false,"template":"","format":"standard","meta":{"jetpack_post_was_ever_published":false,"_jetpack_newsletter_access":"","_jetpack_dont_email_post_to_subs":false,"_jetpack_newsletter_tier_id":0,"_jetpack_memberships_contains_paywalled_content":false,"_jetpack_memberships_contains_paid_content":false,"footnotes":"","jetpack_publicize_message":"","jetpack_publicize_feature_enabled":true,"jetpack_social_post_already_shared":true,"jetpack_social_options":{"image_generator_settings":{"template":"highway","default_image_id":0,"font":"","enabled":false},"version":2}},"categories":[18],"tags":[],"class_list":["post-5993","post","type-post","status-publish","format-standard","hentry","category-inicio-inicio"],"jetpack_publicize_connections":[],"jetpack_featured_media_url":"","jetpack_sharing_enabled":true,"jetpack_shortlink":"https:\/\/wp.me\/p6Slop-1yF","_links":{"self":[{"href":"https:\/\/wp.ufpel.edu.br\/projetogama\/wp-json\/wp\/v2\/posts\/5993","targetHints":{"allow":["GET"]}}],"collection":[{"href":"https:\/\/wp.ufpel.edu.br\/projetogama\/wp-json\/wp\/v2\/posts"}],"about":[{"href":"https:\/\/wp.ufpel.edu.br\/projetogama\/wp-json\/wp\/v2\/types\/post"}],"author":[{"embeddable":true,"href":"https:\/\/wp.ufpel.edu.br\/projetogama\/wp-json\/wp\/v2\/users\/437"}],"replies":[{"embeddable":true,"href":"https:\/\/wp.ufpel.edu.br\/projetogama\/wp-json\/wp\/v2\/comments?post=5993"}],"version-history":[{"count":1,"href":"https:\/\/wp.ufpel.edu.br\/projetogama\/wp-json\/wp\/v2\/posts\/5993\/revisions"}],"predecessor-version":[{"id":5995,"href":"https:\/\/wp.ufpel.edu.br\/projetogama\/wp-json\/wp\/v2\/posts\/5993\/revisions\/5995"}],"wp:attachment":[{"href":"https:\/\/wp.ufpel.edu.br\/projetogama\/wp-json\/wp\/v2\/media?parent=5993"}],"wp:term":[{"taxonomy":"category","embeddable":true,"href":"https:\/\/wp.ufpel.edu.br\/projetogama\/wp-json\/wp\/v2\/categories?post=5993"},{"taxonomy":"post_tag","embeddable":true,"href":"https:\/\/wp.ufpel.edu.br\/projetogama\/wp-json\/wp\/v2\/tags?post=5993"}],"curies":[{"name":"wp","href":"https:\/\/api.w.org\/{rel}","templated":true}]}}