{"id":5941,"date":"2025-05-08T22:44:39","date_gmt":"2025-05-09T01:44:39","guid":{"rendered":"https:\/\/wp.ufpel.edu.br\/projetogama\/?p=5941"},"modified":"2025-05-08T22:44:50","modified_gmt":"2025-05-09T01:44:50","slug":"selecionados-para-o-curso-de-funcoes-aos-sabados","status":"publish","type":"post","link":"https:\/\/wp.ufpel.edu.br\/projetogama\/2025\/05\/08\/selecionados-para-o-curso-de-funcoes-aos-sabados\/","title":{"rendered":"Selecionados para o curso de Fun\u00e7\u00f5es aos s\u00e1bados"},"content":{"rendered":"<p>In\u00edcio em 10\/05\/25.<\/p>\n<p>Mais informa\u00e7\u00f5es ser\u00e3o enviadas pelo e-mail cadastrado no ato da inscri\u00e7\u00e3o.<\/p>\n<p style=\"text-align: center;\"><strong>FUN\u00c7\u00d5ES<\/strong><\/p>\n<table style=\"width: 456px;\" width=\"316\">\n<tbody>\n<tr>\n<td style=\"width: 456px;\" width=\"316\">ADRIAN LOUREN\u00c7O DE MORAES<\/td>\n<\/tr>\n<tr>\n<td style=\"width: 456px;\">ADRIELE DE MOURA CARVALHO<\/td>\n<\/tr>\n<tr>\n<td style=\"width: 456px;\">AGATHA CRISTINA SCARTON DOS SANTOS<\/td>\n<\/tr>\n<tr>\n<td style=\"width: 456px;\">AILTON CONRAD<\/td>\n<\/tr>\n<tr>\n<td style=\"width: 456px;\">ALCI MACHADO JUNIOR<\/td>\n<\/tr>\n<tr>\n<td style=\"width: 456px;\">ALEXANDRE PEREIRA CARDOSO<\/td>\n<\/tr>\n<tr>\n<td style=\"width: 456px;\">ALINE FLOR DE VASCONCELOS<\/td>\n<\/tr>\n<tr>\n<td style=\"width: 456px;\">AMANDA AGUIAR LE\u00c3O DOS SANTOS<\/td>\n<\/tr>\n<tr>\n<td style=\"width: 456px;\">AMANDA ALVES CORVO<\/td>\n<\/tr>\n<tr>\n<td style=\"width: 456px;\">AMANDA APARECIDA DE AQUINO<\/td>\n<\/tr>\n<tr>\n<td style=\"width: 456px;\">AMANDA DUMMER LOPES<\/td>\n<\/tr>\n<tr>\n<td style=\"width: 456px;\">AMANDA PINTO GON\u00c7ALVES<\/td>\n<\/tr>\n<tr>\n<td style=\"width: 456px;\">ANALARA BUZINELO MARTINELLI<\/td>\n<\/tr>\n<tr>\n<td style=\"width: 456px;\">ANDRE SELLE GARCIA<\/td>\n<\/tr>\n<tr>\n<td style=\"width: 456px;\">ANGELA MARIA VICTORIA GIACUMMO ELVIRA<\/td>\n<\/tr>\n<tr>\n<td style=\"width: 456px;\">ANNA LUIZA PELLEJERO MARCELLI<\/td>\n<\/tr>\n<tr>\n<td style=\"width: 456px;\">AUGUSTO GAY MADEIRA PEREIRA<\/td>\n<\/tr>\n<tr>\n<td style=\"width: 456px;\">BERNARDO BLOIS E SILVA<\/td>\n<\/tr>\n<tr>\n<td style=\"width: 456px;\">BERNARDO BOSENBECKER DA SILVA<\/td>\n<\/tr>\n<tr>\n<td style=\"width: 456px;\">BERNARDO PEZZOPANI ANDRADE<\/td>\n<\/tr>\n<tr>\n<td style=\"width: 456px;\">BRUNA DE SOUZA PORTO DE ANDRADE<\/td>\n<\/tr>\n<tr>\n<td style=\"width: 456px;\">BRUNO GABRIEL CASSOL RIZZI<\/td>\n<\/tr>\n<tr>\n<td style=\"width: 456px;\">CAIO PEREIRA FERNANDES<\/td>\n<\/tr>\n<tr>\n<td style=\"width: 456px;\">CAMILA CARDOSO DA ROSA<\/td>\n<\/tr>\n<tr>\n<td style=\"width: 456px;\">CAMILA GIOVANA PUNTEM<\/td>\n<\/tr>\n<tr>\n<td style=\"width: 456px;\">CAMILA PRESTES VIEIRA<\/td>\n<\/tr>\n<tr>\n<td style=\"width: 456px;\">CARLOS EDUARDO DUTRA DE SOUZA<\/td>\n<\/tr>\n<tr>\n<td style=\"width: 456px;\">CAROLINE AGUILAR PINTO<\/td>\n<\/tr>\n<tr>\n<td style=\"width: 456px;\">CAROLINE DALMORO DA SILVA<\/td>\n<\/tr>\n<tr>\n<td style=\"width: 456px;\">CAROLINE MENDES TORRES<\/td>\n<\/tr>\n<tr>\n<td style=\"width: 456px;\">CHARLES MACHADO GOMES<\/td>\n<\/tr>\n<tr>\n<td style=\"width: 456px;\">DANIELA BORCHARDT BOTELHO<\/td>\n<\/tr>\n<tr>\n<td style=\"width: 456px;\">DANIELA SOUSA MELO<\/td>\n<\/tr>\n<tr>\n<td style=\"width: 456px;\">EDUARDA LIMA SANTOS<\/td>\n<\/tr>\n<tr>\n<td style=\"width: 456px;\">EMANUELLY PEDROSO DA SILVA<\/td>\n<\/tr>\n<tr>\n<td style=\"width: 456px;\">ERIK FERNANDO CUNHA<\/td>\n<\/tr>\n<tr>\n<td style=\"width: 456px;\">ERIKA ALMEIDA SCHMIDT<\/td>\n<\/tr>\n<tr>\n<td style=\"width: 456px;\">F\u00c1BIO BRITO J\u00daNIOR<\/td>\n<\/tr>\n<tr>\n<td style=\"width: 456px;\">FABR\u00cdCIO RODRIGUES SAN MARTIN<\/td>\n<\/tr>\n<tr>\n<td style=\"width: 456px;\">FERNANDO HENRIQUE ROSYNSKI GON\u00c7ALVES<\/td>\n<\/tr>\n<tr>\n<td style=\"width: 456px;\">GABRIEL ARTHUR ALVES RESTELLO<\/td>\n<\/tr>\n<tr>\n<td style=\"width: 456px;\">GABRIEL ESTEVES CRUZ<\/td>\n<\/tr>\n<tr>\n<td style=\"width: 456px;\">GABRIELLA VARGAS RODRIGUES<\/td>\n<\/tr>\n<tr>\n<td style=\"width: 456px;\">GERSON RODRIGUES<\/td>\n<\/tr>\n<tr>\n<td style=\"width: 456px;\">GUILHERME MACIEL MUNHOZ<\/td>\n<\/tr>\n<tr>\n<td style=\"width: 456px;\">G\u00dcNTHER BLANK DA SILVA<\/td>\n<\/tr>\n<tr>\n<td style=\"width: 456px;\">GUSTAVO HENRIQUE ARGOUT PEREIRA<\/td>\n<\/tr>\n<tr>\n<td style=\"width: 456px;\">GUSTAVO KILA KATCZINSKI<\/td>\n<\/tr>\n<tr>\n<td style=\"width: 456px;\">HEITOR JOS\u00c9 DE OLIVEIRA ANTUNES<\/td>\n<\/tr>\n<tr>\n<td style=\"width: 456px;\">HENRIQUE HAX DUMMER<\/td>\n<\/tr>\n<tr>\n<td style=\"width: 456px;\">ISABELA PAGANINI LOURENCINI<\/td>\n<\/tr>\n<tr>\n<td style=\"width: 456px;\">ISABELLE BRAUM DE MELLO<\/td>\n<\/tr>\n<tr>\n<td style=\"width: 456px;\">ISABELLE MICHIELIN PERIN<\/td>\n<\/tr>\n<tr>\n<td style=\"width: 456px;\">JAMILE DOS ANJOS BRITO<\/td>\n<\/tr>\n<tr>\n<td style=\"width: 456px;\">JEAN MARI PEREIRA RODRIGUES<\/td>\n<\/tr>\n<tr>\n<td style=\"width: 456px;\">JO\u00c3O VICTOR FARIAS RODRIGUES<\/td>\n<\/tr>\n<tr>\n<td style=\"width: 456px;\">JOSIELE SILVA CORREA<\/td>\n<\/tr>\n<tr>\n<td style=\"width: 456px;\">JULIA GONZALEZ GRILLO<\/td>\n<\/tr>\n<tr>\n<td style=\"width: 456px;\">JULIANA MOROKAWA MANFRO<\/td>\n<\/tr>\n<tr>\n<td style=\"width: 456px;\">KAYKE OLIVEIRA DOS SANTOS SILVA<\/td>\n<\/tr>\n<tr>\n<td style=\"width: 456px;\">KEROLAINE RACHINHAS DOS SANTOS<\/td>\n<\/tr>\n<tr>\n<td style=\"width: 456px;\">LARA ALMEIDA CARDOSO<\/td>\n<\/tr>\n<tr>\n<td style=\"width: 456px;\">LARISSA PERLEBERG FUHRMANN<\/td>\n<\/tr>\n<tr>\n<td style=\"width: 456px;\">L\u00cdDIA ST\u00c9FANY \u00c2NGELO RODRIGUES<\/td>\n<\/tr>\n<tr>\n<td style=\"width: 456px;\">LU\u00c3 VOSER HERREIRA<\/td>\n<\/tr>\n<tr>\n<td style=\"width: 456px;\">LUCAS BECKER MARQUES<\/td>\n<\/tr>\n<tr>\n<td style=\"width: 456px;\">LUCAS GON\u00c7ALVES DA SILVA<\/td>\n<\/tr>\n<tr>\n<td style=\"width: 456px;\">LUCAS MARTINS DELAVI<\/td>\n<\/tr>\n<tr>\n<td style=\"width: 456px;\">LUIS FELIPE RIBEIRO<\/td>\n<\/tr>\n<tr>\n<td style=\"width: 456px;\">MARCELA RODRIGUES SOARES<\/td>\n<\/tr>\n<tr>\n<td style=\"width: 456px;\">MARCOS ANT\u00d4NIO PEDRA VELEDA JUNIOR<\/td>\n<\/tr>\n<tr>\n<td style=\"width: 456px;\">MARIA ALICE MACHADO RODRIGUES<\/td>\n<\/tr>\n<tr>\n<td style=\"width: 456px;\">MARIA LUIZA PULS MACHADO<\/td>\n<\/tr>\n<tr>\n<td style=\"width: 456px;\">MARIANE FLORES DAL FORNO<\/td>\n<\/tr>\n<tr>\n<td style=\"width: 456px;\">MATHEUS GON\u00c7ALVES CARDOZO<\/td>\n<\/tr>\n<tr>\n<td style=\"width: 456px;\">NICOLY DOS SANTOS OLIVEIRA<\/td>\n<\/tr>\n<tr>\n<td style=\"width: 456px;\">OT\u00c1VIO BORGES DE ALBUQUERQUE<\/td>\n<\/tr>\n<tr>\n<td style=\"width: 456px;\">PATRICK SILVEIRA LEMOS<\/td>\n<\/tr>\n<tr>\n<td style=\"width: 456px;\">PEDRO LUCAS VARGAS<\/td>\n<\/tr>\n<tr>\n<td style=\"width: 456px;\">PEDRO YURI DOS ANJOS CORR\u00caA<\/td>\n<\/tr>\n<tr>\n<td style=\"width: 456px;\">PRISCILA FURTADO DIAS<\/td>\n<\/tr>\n<tr>\n<td style=\"width: 456px;\">RAFAEEL CABEDA PACHECO<\/td>\n<\/tr>\n<tr>\n<td style=\"width: 456px;\">ST\u00c9FANI DA SILVA OLIVEIRA DIAS<\/td>\n<\/tr>\n<tr>\n<td style=\"width: 456px;\">STEPHANIE QUEVEDO DA SILVA<\/td>\n<\/tr>\n<tr>\n<td style=\"width: 456px;\">THIAGO TADEO DE ALC\u00c1NTARA ESPINEL<\/td>\n<\/tr>\n<tr>\n<td style=\"width: 456px;\">THIERRY HOLZ MARTH<\/td>\n<\/tr>\n<tr>\n<td style=\"width: 456px;\">VICTORIA LOBO BARBOSA DE JEZUS<\/td>\n<\/tr>\n<tr>\n<td style=\"width: 456px;\">VITOR RODRIGUES DANAS<\/td>\n<\/tr>\n<tr>\n<td style=\"width: 456px;\">VIT\u00d3RIA FLORES PERES<\/td>\n<\/tr>\n<tr>\n<td style=\"width: 456px;\">WESLEY FARIAS PEREIRA<\/td>\n<\/tr>\n<\/tbody>\n<\/table>\n<p>&nbsp;<\/p>\n","protected":false},"excerpt":{"rendered":"<p>In\u00edcio em 10\/05\/25. Mais informa\u00e7\u00f5es ser\u00e3o enviadas pelo e-mail cadastrado no ato da inscri\u00e7\u00e3o. FUN\u00c7\u00d5ES ADRIAN LOUREN\u00c7O DE MORAES ADRIELE DE MOURA CARVALHO AGATHA CRISTINA SCARTON DOS SANTOS AILTON CONRAD [&hellip;]<\/p>\n","protected":false},"author":437,"featured_media":0,"comment_status":"closed","ping_status":"closed","sticky":false,"template":"","format":"standard","meta":{"jetpack_post_was_ever_published":false,"_jetpack_newsletter_access":"","_jetpack_dont_email_post_to_subs":false,"_jetpack_newsletter_tier_id":0,"_jetpack_memberships_contains_paywalled_content":false,"_jetpack_memberships_contains_paid_content":false,"footnotes":"","jetpack_publicize_message":"","jetpack_publicize_feature_enabled":true,"jetpack_social_post_already_shared":true,"jetpack_social_options":{"image_generator_settings":{"template":"highway","default_image_id":0,"font":"","enabled":false},"version":2}},"categories":[18],"tags":[],"class_list":["post-5941","post","type-post","status-publish","format-standard","hentry","category-inicio-inicio"],"jetpack_publicize_connections":[],"jetpack_featured_media_url":"","jetpack_sharing_enabled":true,"jetpack_shortlink":"https:\/\/wp.me\/p6Slop-1xP","_links":{"self":[{"href":"https:\/\/wp.ufpel.edu.br\/projetogama\/wp-json\/wp\/v2\/posts\/5941","targetHints":{"allow":["GET"]}}],"collection":[{"href":"https:\/\/wp.ufpel.edu.br\/projetogama\/wp-json\/wp\/v2\/posts"}],"about":[{"href":"https:\/\/wp.ufpel.edu.br\/projetogama\/wp-json\/wp\/v2\/types\/post"}],"author":[{"embeddable":true,"href":"https:\/\/wp.ufpel.edu.br\/projetogama\/wp-json\/wp\/v2\/users\/437"}],"replies":[{"embeddable":true,"href":"https:\/\/wp.ufpel.edu.br\/projetogama\/wp-json\/wp\/v2\/comments?post=5941"}],"version-history":[{"count":3,"href":"https:\/\/wp.ufpel.edu.br\/projetogama\/wp-json\/wp\/v2\/posts\/5941\/revisions"}],"predecessor-version":[{"id":5945,"href":"https:\/\/wp.ufpel.edu.br\/projetogama\/wp-json\/wp\/v2\/posts\/5941\/revisions\/5945"}],"wp:attachment":[{"href":"https:\/\/wp.ufpel.edu.br\/projetogama\/wp-json\/wp\/v2\/media?parent=5941"}],"wp:term":[{"taxonomy":"category","embeddable":true,"href":"https:\/\/wp.ufpel.edu.br\/projetogama\/wp-json\/wp\/v2\/categories?post=5941"},{"taxonomy":"post_tag","embeddable":true,"href":"https:\/\/wp.ufpel.edu.br\/projetogama\/wp-json\/wp\/v2\/tags?post=5941"}],"curies":[{"name":"wp","href":"https:\/\/api.w.org\/{rel}","templated":true}]}}