{"id":5911,"date":"2025-04-10T21:40:14","date_gmt":"2025-04-11T00:40:14","guid":{"rendered":"https:\/\/wp.ufpel.edu.br\/projetogama\/?p=5911"},"modified":"2025-04-10T21:40:14","modified_gmt":"2025-04-11T00:40:14","slug":"selecionados-para-o-curso-apoio-ao-calculo","status":"publish","type":"post","link":"https:\/\/wp.ufpel.edu.br\/projetogama\/2025\/04\/10\/selecionados-para-o-curso-apoio-ao-calculo\/","title":{"rendered":"Selecionados para o curso Apoio ao C\u00e1lculo"},"content":{"rendered":"<p>In\u00edcio em 14\/04\/25.<\/p>\n<p>Mais informa\u00e7\u00f5es ser\u00e3o enviadas pelo e-mail cadastrado no ato da inscri\u00e7\u00e3o.<\/p>\n<p style=\"text-align: center;\"><strong>Apoio ao C\u00e1lculo<\/strong><\/p>\n<table class=\" aligncenter\" style=\"width: 490px;\" width=\"325\">\n<tbody>\n<tr>\n<td style=\"width: 490px;\" width=\"325\">ALESSANDRO GON\u00c7ALVES LAZZARETTI<\/td>\n<\/tr>\n<tr>\n<td style=\"width: 490px;\">AMANDA APARECIDA DE AQUINO<\/td>\n<\/tr>\n<tr>\n<td style=\"width: 490px;\">AMANDA DUMMER LOPES<\/td>\n<\/tr>\n<tr>\n<td style=\"width: 490px;\">ANA BEATRIZ SCHERDIEN GUTKNECHT<\/td>\n<\/tr>\n<tr>\n<td style=\"width: 490px;\">ANA CAROLINA DE ALMEIDA BILHALVA<\/td>\n<\/tr>\n<tr>\n<td style=\"width: 490px;\">ANA LUIZA BARBOZA MERLIN<\/td>\n<\/tr>\n<tr>\n<td style=\"width: 490px;\">ANA LUIZA CARDOSO<\/td>\n<\/tr>\n<tr>\n<td style=\"width: 490px;\">ANGELA MARIA VICTORIA GIACUMMO ELVIRA<\/td>\n<\/tr>\n<tr>\n<td style=\"width: 490px;\">ANT\u00d4NIO NILSSON DALPIAN<\/td>\n<\/tr>\n<tr>\n<td style=\"width: 490px;\">\u00c1RES OLIVEIRA GOULART<\/td>\n<\/tr>\n<tr>\n<td style=\"width: 490px;\">AUGUSTO GAY MADEIRA PEREIRA<\/td>\n<\/tr>\n<tr>\n<td style=\"width: 490px;\">AURY LIMA DOS SANTOS COIMBRA<\/td>\n<\/tr>\n<tr>\n<td style=\"width: 490px;\">BRUNA RODRIGUES SILVA<\/td>\n<\/tr>\n<tr>\n<td style=\"width: 490px;\">CAI MOACIR ROSA DANTAS<\/td>\n<\/tr>\n<tr>\n<td style=\"width: 490px;\">C\u00c1SSIA DA SILVA MORAIS<\/td>\n<\/tr>\n<tr>\n<td style=\"width: 490px;\">CATARINA PINHEIRO GUIMAR\u00c3ES<\/td>\n<\/tr>\n<tr>\n<td style=\"width: 490px;\">CELSO MOACIR RIBEIRO<\/td>\n<\/tr>\n<tr>\n<td style=\"width: 490px;\">CHAYANE COSTA LOBO<\/td>\n<\/tr>\n<tr>\n<td style=\"width: 490px;\">DANDARA IZABEL CORR\u00caA BAPTISTA COSTA<\/td>\n<\/tr>\n<tr>\n<td style=\"width: 490px;\">DANIEL MELO BARRETO<\/td>\n<\/tr>\n<tr>\n<td style=\"width: 490px;\">DANIELI MOLON<\/td>\n<\/tr>\n<tr>\n<td style=\"width: 490px;\">DENNER FARIAS FORTES<\/td>\n<\/tr>\n<tr>\n<td style=\"width: 490px;\">DIEGO VALDO SILVEIRA DIAS<\/td>\n<\/tr>\n<tr>\n<td style=\"width: 490px;\">EDERSON DOMINGUES MAIA<\/td>\n<\/tr>\n<tr>\n<td style=\"width: 490px;\">EDUARDO REWELL MARTINS<\/td>\n<\/tr>\n<tr>\n<td style=\"width: 490px;\">ENDREW FEIJ\u00d3 RIBEIRO<\/td>\n<\/tr>\n<tr>\n<td style=\"width: 490px;\">ERICK BILHALVA SOARES<\/td>\n<\/tr>\n<tr>\n<td style=\"width: 490px;\">ESTER ARANHA PINHEIRO DE SOUZA<\/td>\n<\/tr>\n<tr>\n<td style=\"width: 490px;\">GABRIEL ESTEVES CRUZ<\/td>\n<\/tr>\n<tr>\n<td style=\"width: 490px;\">GABRIEL LIMA RODRIGUES<\/td>\n<\/tr>\n<tr>\n<td style=\"width: 490px;\">GABRIELLA COIMBRA DE AVILA<\/td>\n<\/tr>\n<tr>\n<td style=\"width: 490px;\">GUILHERME DOS SANTOS TEDESCO<\/td>\n<\/tr>\n<tr>\n<td style=\"width: 490px;\">GUILHERME HENRIQUE VIEGAS BERRIEL<\/td>\n<\/tr>\n<tr>\n<td style=\"width: 490px;\">ISABELA PAGANINI LOURENCINI<\/td>\n<\/tr>\n<tr>\n<td style=\"width: 490px;\">ISABELLE MICHIELIN PERIN<\/td>\n<\/tr>\n<tr>\n<td style=\"width: 490px;\">ISABELLE PEREIRA PRIOR<\/td>\n<\/tr>\n<tr>\n<td style=\"width: 490px;\">JAQUELINE DENISE BALSAN<\/td>\n<\/tr>\n<tr>\n<td style=\"width: 490px;\">JIRCELENE BROMBILLA<\/td>\n<\/tr>\n<tr>\n<td style=\"width: 490px;\">JOAO PEDRO BASTOS LIMA<\/td>\n<\/tr>\n<tr>\n<td style=\"width: 490px;\">JOSIANE BRAGA SAMPAIO<\/td>\n<\/tr>\n<tr>\n<td style=\"width: 490px;\">J\u00daLIA CARVALHO DA COSTA<\/td>\n<\/tr>\n<tr>\n<td style=\"width: 490px;\">JULIA GONZALEZ GRILLO<\/td>\n<\/tr>\n<tr>\n<td style=\"width: 490px;\">J\u00daLIO SANTOS DE ALMEIDA<\/td>\n<\/tr>\n<tr>\n<td style=\"width: 490px;\">KAROLINE PORCIUNCULA DA SILVA<\/td>\n<\/tr>\n<tr>\n<td style=\"width: 490px;\">LANA BORGES CASTRO<\/td>\n<\/tr>\n<tr>\n<td style=\"width: 490px;\">LARISSA ADNA NEVES SILVA<\/td>\n<\/tr>\n<tr>\n<td style=\"width: 490px;\">LARISSA FRANCO MATTOS<\/td>\n<\/tr>\n<tr>\n<td style=\"width: 490px;\">LIVIA CRISTINA SILVA PEREIRA<\/td>\n<\/tr>\n<tr>\n<td style=\"width: 490px;\">LUANA DE LIMA FAGUNDES<\/td>\n<\/tr>\n<tr>\n<td style=\"width: 490px;\">LUCAS BECKER MARQUES<\/td>\n<\/tr>\n<tr>\n<td style=\"width: 490px;\">MALONE MENDES DE ARAUJO<\/td>\n<\/tr>\n<tr>\n<td style=\"width: 490px;\">M\u00c1RCIA ELIANE SILVA OLIVEIRA<\/td>\n<\/tr>\n<tr>\n<td style=\"width: 490px;\">MARCO ANTONIO CAMARGO DONINI<\/td>\n<\/tr>\n<tr>\n<td style=\"width: 490px;\">MARIA EDUARDA DA SILVA TRAMM<\/td>\n<\/tr>\n<tr>\n<td style=\"width: 490px;\">MARIA EDUARDA PRIETO DE SILVA<\/td>\n<\/tr>\n<tr>\n<td style=\"width: 490px;\">MARIA ISABEL GARCIA DE LIMA<\/td>\n<\/tr>\n<tr>\n<td style=\"width: 490px;\">MARINA ALVIRA VASQUES<\/td>\n<\/tr>\n<tr>\n<td style=\"width: 490px;\">MARINA DE OLIVEIRA ROSA<\/td>\n<\/tr>\n<tr>\n<td style=\"width: 490px;\">MARINA PIRES ACOSTA<\/td>\n<\/tr>\n<tr>\n<td style=\"width: 490px;\">MARINA VENCATO IRIBARREM<\/td>\n<\/tr>\n<tr>\n<td style=\"width: 490px;\">MATHEUS BORGES PIRES<\/td>\n<\/tr>\n<tr>\n<td style=\"width: 490px;\">MAYARA DA SILVA DUARTE<\/td>\n<\/tr>\n<tr>\n<td style=\"width: 490px;\">MONIQUE COELHO ESMERIO<\/td>\n<\/tr>\n<tr>\n<td style=\"width: 490px;\">NATIELE OLIVEIRA DA ROSA<\/td>\n<\/tr>\n<tr>\n<td style=\"width: 490px;\">NOLBERTO FARIAS DA ROSA<\/td>\n<\/tr>\n<tr>\n<td style=\"width: 490px;\">OT\u00c1VIO NOGUEIRA DA SILVA BREIER<\/td>\n<\/tr>\n<tr>\n<td style=\"width: 490px;\">PEDRO CUNHA MACEDO<\/td>\n<\/tr>\n<tr>\n<td style=\"width: 490px;\">PEDRO NSUE MICHA MOLONGUA<\/td>\n<\/tr>\n<tr>\n<td style=\"width: 490px;\">PEDRO YURI DOS ANJOS CORR\u00caA<\/td>\n<\/tr>\n<tr>\n<td style=\"width: 490px;\">RAFAEL DE LIMA RODRIGUES CHIQUINE<\/td>\n<\/tr>\n<tr>\n<td style=\"width: 490px;\">RAFAELLUIZBARBARESCODESOUZAJUNIOR<\/td>\n<\/tr>\n<tr>\n<td style=\"width: 490px;\">REBECA NOGUEIRA PACHECO<\/td>\n<\/tr>\n<tr>\n<td style=\"width: 490px;\">REYNERTH PEREIRA DA COSTA<\/td>\n<\/tr>\n<tr>\n<td style=\"width: 490px;\">SAMUEL LETTNIN DA ROSA<\/td>\n<\/tr>\n<tr>\n<td style=\"width: 490px;\">SARAH BATISTA OLIVEIRA<\/td>\n<\/tr>\n<tr>\n<td style=\"width: 490px;\">SARAH BATISTA OLIVEIRA<\/td>\n<\/tr>\n<tr>\n<td style=\"width: 490px;\">SOPHIA YSABELLE FAGUNDES LEITE<\/td>\n<\/tr>\n<tr>\n<td style=\"width: 490px;\">TALITA LOPES DA FONSECA<\/td>\n<\/tr>\n<tr>\n<td style=\"width: 490px;\">THAVYNE ALISSA SILVA PEREIRA<\/td>\n<\/tr>\n<tr>\n<td style=\"width: 490px;\">THIAGO TADEO DE ALC\u00c1NTARA ESPINEL<\/td>\n<\/tr>\n<tr>\n<td style=\"width: 490px;\">TIAGO FRANCISCO F\u00c1VERO DIAS<\/td>\n<\/tr>\n<tr>\n<td style=\"width: 490px;\">VIT\u00d3RIA SILVEIRA DA SILVA<\/td>\n<\/tr>\n<tr>\n<td style=\"width: 490px;\">WILLIAM PORTO RODRIGUES<\/td>\n<\/tr>\n<\/tbody>\n<\/table>\n<p><\/p>\n","protected":false},"excerpt":{"rendered":"<p>In\u00edcio em 14\/04\/25. Mais informa\u00e7\u00f5es ser\u00e3o enviadas pelo e-mail cadastrado no ato da inscri\u00e7\u00e3o. Apoio ao C\u00e1lculo ALESSANDRO GON\u00c7ALVES LAZZARETTI AMANDA APARECIDA DE AQUINO AMANDA DUMMER LOPES ANA BEATRIZ SCHERDIEN [&hellip;]<\/p>\n","protected":false},"author":437,"featured_media":0,"comment_status":"closed","ping_status":"closed","sticky":false,"template":"","format":"standard","meta":{"jetpack_post_was_ever_published":false,"_jetpack_newsletter_access":"","_jetpack_dont_email_post_to_subs":false,"_jetpack_newsletter_tier_id":0,"_jetpack_memberships_contains_paywalled_content":false,"_jetpack_memberships_contains_paid_content":false,"footnotes":"","jetpack_publicize_message":"","jetpack_publicize_feature_enabled":true,"jetpack_social_post_already_shared":true,"jetpack_social_options":{"image_generator_settings":{"template":"highway","default_image_id":0,"font":"","enabled":false},"version":2}},"categories":[18],"tags":[],"class_list":["post-5911","post","type-post","status-publish","format-standard","hentry","category-inicio-inicio"],"jetpack_publicize_connections":[],"jetpack_featured_media_url":"","jetpack_sharing_enabled":true,"jetpack_shortlink":"https:\/\/wp.me\/p6Slop-1xl","_links":{"self":[{"href":"https:\/\/wp.ufpel.edu.br\/projetogama\/wp-json\/wp\/v2\/posts\/5911","targetHints":{"allow":["GET"]}}],"collection":[{"href":"https:\/\/wp.ufpel.edu.br\/projetogama\/wp-json\/wp\/v2\/posts"}],"about":[{"href":"https:\/\/wp.ufpel.edu.br\/projetogama\/wp-json\/wp\/v2\/types\/post"}],"author":[{"embeddable":true,"href":"https:\/\/wp.ufpel.edu.br\/projetogama\/wp-json\/wp\/v2\/users\/437"}],"replies":[{"embeddable":true,"href":"https:\/\/wp.ufpel.edu.br\/projetogama\/wp-json\/wp\/v2\/comments?post=5911"}],"version-history":[{"count":2,"href":"https:\/\/wp.ufpel.edu.br\/projetogama\/wp-json\/wp\/v2\/posts\/5911\/revisions"}],"predecessor-version":[{"id":5916,"href":"https:\/\/wp.ufpel.edu.br\/projetogama\/wp-json\/wp\/v2\/posts\/5911\/revisions\/5916"}],"wp:attachment":[{"href":"https:\/\/wp.ufpel.edu.br\/projetogama\/wp-json\/wp\/v2\/media?parent=5911"}],"wp:term":[{"taxonomy":"category","embeddable":true,"href":"https:\/\/wp.ufpel.edu.br\/projetogama\/wp-json\/wp\/v2\/categories?post=5911"},{"taxonomy":"post_tag","embeddable":true,"href":"https:\/\/wp.ufpel.edu.br\/projetogama\/wp-json\/wp\/v2\/tags?post=5911"}],"curies":[{"name":"wp","href":"https:\/\/api.w.org\/{rel}","templated":true}]}}