{"id":5881,"date":"2025-03-07T09:47:40","date_gmt":"2025-03-07T12:47:40","guid":{"rendered":"https:\/\/wp.ufpel.edu.br\/projetogama\/?p=5881"},"modified":"2025-03-07T09:47:40","modified_gmt":"2025-03-07T12:47:40","slug":"selecionados-para-o-curso-de-integrais","status":"publish","type":"post","link":"https:\/\/wp.ufpel.edu.br\/projetogama\/2025\/03\/07\/selecionados-para-o-curso-de-integrais\/","title":{"rendered":"Selecionados para o curso de Integrais"},"content":{"rendered":"<p>In\u00edcio em 08\/03.<\/p>\n<p>Mais informa\u00e7\u00f5es ser\u00e3o enviadas pelo e-mail cadastrado no ato da inscri\u00e7\u00e3o.<\/p>\n<p>&nbsp;<\/p>\n<p style=\"text-align: center;\"><strong>Integrais<\/strong><\/p>\n<table style=\"width: 444px;\" width=\"316\">\n<tbody>\n<tr>\n<td style=\"width: 444px;\" width=\"316\">ANA CLARA IUNES SACHARUK<\/td>\n<\/tr>\n<tr>\n<td style=\"width: 444px;\">ANA J\u00daLIA SILVEIRA GON\u00c7ALVES<\/td>\n<\/tr>\n<tr>\n<td style=\"width: 444px;\">AUGUSTO GAY MADEIRA PEREIRA<\/td>\n<\/tr>\n<tr>\n<td style=\"width: 444px;\">BRENDA BOTELHO MARCELINO<\/td>\n<\/tr>\n<tr>\n<td style=\"width: 444px;\">BRUNA PIMP\u00c3O PEREIRA<\/td>\n<\/tr>\n<tr>\n<td style=\"width: 444px;\">BYANCA CORREA DE OLIVEIRA<\/td>\n<\/tr>\n<tr>\n<td style=\"width: 444px;\">CLEBER DOS SANTOS<\/td>\n<\/tr>\n<tr>\n<td style=\"width: 444px;\">DANIEL MELO BARRETO<\/td>\n<\/tr>\n<tr>\n<td style=\"width: 444px;\">DIEGO HERNANE MESSIAS SOUSA OLIVEIRA<\/td>\n<\/tr>\n<tr>\n<td style=\"width: 444px;\">EDUARDA SIQUEIRA EINSFELD<\/td>\n<\/tr>\n<tr>\n<td style=\"width: 444px;\">EDUARDA BARBACHAN DUBREUILH BORBA<\/td>\n<\/tr>\n<tr>\n<td style=\"width: 444px;\">FAUSTINO SOSA FERREIRA<\/td>\n<\/tr>\n<tr>\n<td style=\"width: 444px;\">GABRIELA FARIAS PEUCKERT<\/td>\n<\/tr>\n<tr>\n<td style=\"width: 444px;\">GIOVANNA TORRES FELIPPE<\/td>\n<\/tr>\n<tr>\n<td style=\"width: 444px;\">GUILHERME HENRIQUE VIEGAS BERRIEL<\/td>\n<\/tr>\n<tr>\n<td style=\"width: 444px;\">JOEL RODRIGUES MATIAS<\/td>\n<\/tr>\n<tr>\n<td style=\"width: 444px;\">J\u00daLIA BURKLE EICHOLZ<\/td>\n<\/tr>\n<tr>\n<td style=\"width: 444px;\">JULIANA PINO DE PAULA<\/td>\n<\/tr>\n<tr>\n<td style=\"width: 444px;\">LEONARDO ROSA GANZER<\/td>\n<\/tr>\n<tr>\n<td style=\"width: 444px;\">LIVIA DRAWANZ JESKE<\/td>\n<\/tr>\n<tr>\n<td style=\"width: 444px;\">LUANA RICARDO FARIAS<\/td>\n<\/tr>\n<tr>\n<td style=\"width: 444px;\">LUCIO VAGNER CARVALHO SOUZA<\/td>\n<\/tr>\n<tr>\n<td style=\"width: 444px;\">LUIS HENRIQUE DE FREITAS BRUM<\/td>\n<\/tr>\n<tr>\n<td style=\"width: 444px;\">MALONE MENDES DE ARAUJO<\/td>\n<\/tr>\n<tr>\n<td style=\"width: 444px;\">MARIA EDUARDA BORTOLANZA<\/td>\n<\/tr>\n<tr>\n<td style=\"width: 444px;\">MARINA MORAES JAMBEIRO<\/td>\n<\/tr>\n<tr>\n<td style=\"width: 444px;\">MIRELA KURZ FERRARI<\/td>\n<\/tr>\n<tr>\n<td style=\"width: 444px;\">REYNERTH PEREIRA DA COSTA<\/td>\n<\/tr>\n<tr>\n<td style=\"width: 444px;\">R\u00d4MULO SILVEIRA BORGES BALZ<\/td>\n<\/tr>\n<tr>\n<td style=\"width: 444px;\">SAMANTA SOUSA DE BARROS<\/td>\n<\/tr>\n<tr>\n<td style=\"width: 444px;\">SAMUEL IPIRANGA DE MELLO<\/td>\n<\/tr>\n<tr>\n<td style=\"width: 444px;\">SAVANA PEREIRA DE MEDEIROS<\/td>\n<\/tr>\n<tr>\n<td style=\"width: 444px;\">S\u00c9RGIO ANT\u00d4NIO MIRANDA DE ALBUQUERQUE<\/td>\n<\/tr>\n<tr>\n<td style=\"width: 444px;\">THIERRY HOLZ MARTH<\/td>\n<\/tr>\n<tr>\n<td style=\"width: 444px;\">TIAGO FRANCISCO F\u00c1VERO DIAS<\/td>\n<\/tr>\n<tr>\n<td style=\"width: 444px;\">VICTOR RAFAEL SECUNDINO SANTOS<\/td>\n<\/tr>\n<tr>\n<td style=\"width: 444px;\">VICTORIA VALLONIS DE OLIVEIRA<\/td>\n<\/tr>\n<tr>\n<td style=\"width: 444px;\">VIVIANE DUARTE BARCELOS MACHADO<\/td>\n<\/tr>\n<\/tbody>\n<\/table>\n<p><\/p>\n","protected":false},"excerpt":{"rendered":"<p>In\u00edcio em 08\/03. Mais informa\u00e7\u00f5es ser\u00e3o enviadas pelo e-mail cadastrado no ato da inscri\u00e7\u00e3o. &nbsp; Integrais ANA CLARA IUNES SACHARUK ANA J\u00daLIA SILVEIRA GON\u00c7ALVES AUGUSTO GAY MADEIRA PEREIRA BRENDA BOTELHO [&hellip;]<\/p>\n","protected":false},"author":437,"featured_media":0,"comment_status":"closed","ping_status":"closed","sticky":false,"template":"","format":"standard","meta":{"jetpack_post_was_ever_published":false,"_jetpack_newsletter_access":"","_jetpack_dont_email_post_to_subs":false,"_jetpack_newsletter_tier_id":0,"_jetpack_memberships_contains_paywalled_content":false,"_jetpack_memberships_contains_paid_content":false,"footnotes":"","jetpack_publicize_message":"","jetpack_publicize_feature_enabled":true,"jetpack_social_post_already_shared":true,"jetpack_social_options":{"image_generator_settings":{"template":"highway","default_image_id":0,"font":"","enabled":false},"version":2}},"categories":[18],"tags":[],"class_list":["post-5881","post","type-post","status-publish","format-standard","hentry","category-inicio-inicio"],"jetpack_publicize_connections":[],"jetpack_featured_media_url":"","jetpack_sharing_enabled":true,"jetpack_shortlink":"https:\/\/wp.me\/p6Slop-1wR","_links":{"self":[{"href":"https:\/\/wp.ufpel.edu.br\/projetogama\/wp-json\/wp\/v2\/posts\/5881","targetHints":{"allow":["GET"]}}],"collection":[{"href":"https:\/\/wp.ufpel.edu.br\/projetogama\/wp-json\/wp\/v2\/posts"}],"about":[{"href":"https:\/\/wp.ufpel.edu.br\/projetogama\/wp-json\/wp\/v2\/types\/post"}],"author":[{"embeddable":true,"href":"https:\/\/wp.ufpel.edu.br\/projetogama\/wp-json\/wp\/v2\/users\/437"}],"replies":[{"embeddable":true,"href":"https:\/\/wp.ufpel.edu.br\/projetogama\/wp-json\/wp\/v2\/comments?post=5881"}],"version-history":[{"count":2,"href":"https:\/\/wp.ufpel.edu.br\/projetogama\/wp-json\/wp\/v2\/posts\/5881\/revisions"}],"predecessor-version":[{"id":5884,"href":"https:\/\/wp.ufpel.edu.br\/projetogama\/wp-json\/wp\/v2\/posts\/5881\/revisions\/5884"}],"wp:attachment":[{"href":"https:\/\/wp.ufpel.edu.br\/projetogama\/wp-json\/wp\/v2\/media?parent=5881"}],"wp:term":[{"taxonomy":"category","embeddable":true,"href":"https:\/\/wp.ufpel.edu.br\/projetogama\/wp-json\/wp\/v2\/categories?post=5881"},{"taxonomy":"post_tag","embeddable":true,"href":"https:\/\/wp.ufpel.edu.br\/projetogama\/wp-json\/wp\/v2\/tags?post=5881"}],"curies":[{"name":"wp","href":"https:\/\/api.w.org\/{rel}","templated":true}]}}