{"id":5839,"date":"2025-02-07T17:11:57","date_gmt":"2025-02-07T20:11:57","guid":{"rendered":"https:\/\/wp.ufpel.edu.br\/projetogama\/?p=5839"},"modified":"2025-02-07T17:12:03","modified_gmt":"2025-02-07T20:12:03","slug":"selecionados-para-a-turma-de-derivadas-aos-sabados-pela-manha","status":"publish","type":"post","link":"https:\/\/wp.ufpel.edu.br\/projetogama\/2025\/02\/07\/selecionados-para-a-turma-de-derivadas-aos-sabados-pela-manha\/","title":{"rendered":"Selecionados para a turma de Derivadas aos s\u00e1bados pela manh\u00e3"},"content":{"rendered":"<p>In\u00edcio em 08\/02\/2025.<\/p>\n<p>Mais informa\u00e7\u00f5es atrav\u00e9s do e-mail cadastrado no ato da inscri\u00e7\u00e3o.<\/p>\n<table style=\"width: 508px;\" width=\"316\">\n<tbody>\n<tr>\n<td style=\"width: 508px;\" width=\"316\">ARTHUR MADEIRA CARDOSO<\/td>\n<\/tr>\n<tr>\n<td style=\"width: 508px;\">ARTUR MENDES RODRIGUES<\/td>\n<\/tr>\n<tr>\n<td style=\"width: 508px;\">AUGUSTO GAY MADEIRA PEREIRA<\/td>\n<\/tr>\n<tr>\n<td style=\"width: 508px;\">\u00c1VILA FERREIRA DE SOUSA<\/td>\n<\/tr>\n<tr>\n<td style=\"width: 508px;\">BRENDA BOTELHO MARCELINO<\/td>\n<\/tr>\n<tr>\n<td style=\"width: 508px;\">BRUNA ZITZKE ALMEIDA<\/td>\n<\/tr>\n<tr>\n<td style=\"width: 508px;\">CHAYANE COSTA LOBO<\/td>\n<\/tr>\n<tr>\n<td style=\"width: 508px;\">CLEBER DOS SANTOS<\/td>\n<\/tr>\n<tr>\n<td style=\"width: 508px;\">D\u00c9BORA ROSANE SOARES DOS SANTOS<\/td>\n<\/tr>\n<tr>\n<td style=\"width: 508px;\">D\u00c9BORA XAVIER DA SILVA<\/td>\n<\/tr>\n<tr>\n<td style=\"width: 508px;\">ERICK BILHALVA SOARES<\/td>\n<\/tr>\n<tr>\n<td style=\"width: 508px;\">GUILHERME CARVALHO QUITETE<\/td>\n<\/tr>\n<tr>\n<td style=\"width: 508px;\">GUILHERME DOS SANTOS TEDESCO<\/td>\n<\/tr>\n<tr>\n<td style=\"width: 508px;\">ISABELA DA SILVA MARTINS<\/td>\n<\/tr>\n<tr>\n<td style=\"width: 508px;\">JO\u00c3O HENRIQUE DIAS<\/td>\n<\/tr>\n<tr>\n<td style=\"width: 508px;\">JO\u00c3O VITOR KLUG DE MATOS<\/td>\n<\/tr>\n<tr>\n<td style=\"width: 508px;\">KELVIN KANA\u00c3 AGUIAR FOSTER<\/td>\n<\/tr>\n<tr>\n<td style=\"width: 508px;\">LEONARDO ROSA GANZER<\/td>\n<\/tr>\n<tr>\n<td style=\"width: 508px;\">LIVIA CRISTINA SILVA PEREIRA<\/td>\n<\/tr>\n<tr>\n<td style=\"width: 508px;\">LUANY BORGES DE OLIVEIRA<\/td>\n<\/tr>\n<tr>\n<td style=\"width: 508px;\">LUCIELLY PAES MIGUES RODRIGUES<\/td>\n<\/tr>\n<tr>\n<td style=\"width: 508px;\">MARIA CLARA DA ROSA MACHADO DUTRA MEIRELES<\/td>\n<\/tr>\n<tr>\n<td style=\"width: 508px;\">MARIA CLARA FERNANDES VENCATO<\/td>\n<\/tr>\n<tr>\n<td style=\"width: 508px;\">MARIA EDUARDA BORTOLANZA<\/td>\n<\/tr>\n<tr>\n<td style=\"width: 508px;\">MARIA LUIZA PIRES FERNANDES<\/td>\n<\/tr>\n<tr>\n<td style=\"width: 508px;\">MATHEUS DE PAULA GOULARTE<\/td>\n<\/tr>\n<tr>\n<td style=\"width: 508px;\">RAFAEL DE LIMA RODRIGUES CHIQUINE<\/td>\n<\/tr>\n<tr>\n<td style=\"width: 508px;\">RENATO ALEIXO AZEVEDO<\/td>\n<\/tr>\n<tr>\n<td style=\"width: 508px;\">REYNERTH PEREIRA DA COSTA<\/td>\n<\/tr>\n<tr>\n<td style=\"width: 508px;\">SAMUEL LETTNIN DA ROSA<\/td>\n<\/tr>\n<tr>\n<td style=\"width: 508px;\">SAVANA PEREIRA DE MEDEIROS<\/td>\n<\/tr>\n<tr>\n<td style=\"width: 508px;\">STEPHANIE QUEVEDO DA SILVA<\/td>\n<\/tr>\n<tr>\n<td style=\"width: 508px;\">TAIANE DA SILVA MAIA<\/td>\n<\/tr>\n<tr>\n<td style=\"width: 508px;\">VITOR BRENER VALADARES<\/td>\n<\/tr>\n<tr>\n<td style=\"width: 508px;\">WILLIAM DE ALMEIDA PAVINATO<\/td>\n<\/tr>\n<tr>\n<td style=\"width: 508px;\"><\/td>\n<\/tr>\n<\/tbody>\n<\/table>\n<p>&nbsp;<\/p>\n","protected":false},"excerpt":{"rendered":"<p>In\u00edcio em 08\/02\/2025. Mais informa\u00e7\u00f5es atrav\u00e9s do e-mail cadastrado no ato da inscri\u00e7\u00e3o. ARTHUR MADEIRA CARDOSO ARTUR MENDES RODRIGUES AUGUSTO GAY MADEIRA PEREIRA \u00c1VILA FERREIRA DE SOUSA BRENDA BOTELHO MARCELINO [&hellip;]<\/p>\n","protected":false},"author":437,"featured_media":0,"comment_status":"closed","ping_status":"closed","sticky":false,"template":"","format":"standard","meta":{"jetpack_post_was_ever_published":false,"_jetpack_newsletter_access":"","_jetpack_dont_email_post_to_subs":false,"_jetpack_newsletter_tier_id":0,"_jetpack_memberships_contains_paywalled_content":false,"_jetpack_memberships_contains_paid_content":false,"footnotes":"","jetpack_publicize_message":"","jetpack_publicize_feature_enabled":true,"jetpack_social_post_already_shared":true,"jetpack_social_options":{"image_generator_settings":{"template":"highway","default_image_id":0,"font":"","enabled":false},"version":2}},"categories":[18],"tags":[],"class_list":["post-5839","post","type-post","status-publish","format-standard","hentry","category-inicio-inicio"],"jetpack_publicize_connections":[],"jetpack_featured_media_url":"","jetpack_sharing_enabled":true,"jetpack_shortlink":"https:\/\/wp.me\/p6Slop-1wb","_links":{"self":[{"href":"https:\/\/wp.ufpel.edu.br\/projetogama\/wp-json\/wp\/v2\/posts\/5839","targetHints":{"allow":["GET"]}}],"collection":[{"href":"https:\/\/wp.ufpel.edu.br\/projetogama\/wp-json\/wp\/v2\/posts"}],"about":[{"href":"https:\/\/wp.ufpel.edu.br\/projetogama\/wp-json\/wp\/v2\/types\/post"}],"author":[{"embeddable":true,"href":"https:\/\/wp.ufpel.edu.br\/projetogama\/wp-json\/wp\/v2\/users\/437"}],"replies":[{"embeddable":true,"href":"https:\/\/wp.ufpel.edu.br\/projetogama\/wp-json\/wp\/v2\/comments?post=5839"}],"version-history":[{"count":3,"href":"https:\/\/wp.ufpel.edu.br\/projetogama\/wp-json\/wp\/v2\/posts\/5839\/revisions"}],"predecessor-version":[{"id":5843,"href":"https:\/\/wp.ufpel.edu.br\/projetogama\/wp-json\/wp\/v2\/posts\/5839\/revisions\/5843"}],"wp:attachment":[{"href":"https:\/\/wp.ufpel.edu.br\/projetogama\/wp-json\/wp\/v2\/media?parent=5839"}],"wp:term":[{"taxonomy":"category","embeddable":true,"href":"https:\/\/wp.ufpel.edu.br\/projetogama\/wp-json\/wp\/v2\/categories?post=5839"},{"taxonomy":"post_tag","embeddable":true,"href":"https:\/\/wp.ufpel.edu.br\/projetogama\/wp-json\/wp\/v2\/tags?post=5839"}],"curies":[{"name":"wp","href":"https:\/\/api.w.org\/{rel}","templated":true}]}}