{"id":5479,"date":"2023-11-23T17:38:41","date_gmt":"2023-11-23T20:38:41","guid":{"rendered":"https:\/\/wp.ufpel.edu.br\/projetogama\/?p=5479"},"modified":"2023-12-01T07:25:38","modified_gmt":"2023-12-01T10:25:38","slug":"inscricoes-para-as-turmas-on-line-de-revisao-em-matematica-2","status":"publish","type":"post","link":"https:\/\/wp.ufpel.edu.br\/projetogama\/2023\/11\/23\/inscricoes-para-as-turmas-on-line-de-revisao-em-matematica-2\/","title":{"rendered":"Inscri\u00e7\u00f5es para as turmas on-line de revis\u00e3o em matem\u00e1tica"},"content":{"rendered":"<p>Est\u00e3o abertas as inscri\u00e7\u00f5es para as pr\u00f3ximas turmas das <strong>Atividades de Revis\u00e3o em Matem\u00e1tica, <\/strong>oferecidas pelo Projeto GAMA: Grupo de Apoio em Matem\u00e1tica.<\/p>\n<p>Ser\u00e3o oferecidas duas turmas no formato on-line, sendo uma para o\u00a0 M\u00f3dulo de Fun\u00e7\u00f5es Trigonom\u00e9tricas, Exponenciais e Logar\u00edtmicas e uma para o M\u00f3dulo de Integrais.\u00a0\u00a0Se voc\u00ea deseja participar das duas turmas, dever\u00e1 realizar duas inscri\u00e7\u00f5es.<\/p>\n<p style=\"text-align: center;\"><strong>M\u00f3dulo de Fun\u00e7\u00f5es Trigonom\u00e9tricas, Exponenciais e Logar\u00edtmicas<\/strong><\/p>\n<p><strong>Conte\u00fados abordados no Curso (revis\u00e3o da teoria e exerc\u00edcios):<\/strong> Raz\u00f5es trigonom\u00e9tricas no tri\u00e2ngulo ret\u00e2ngulo. Principais identidades trigonom\u00e9tricas. O ciclo trigonom\u00e9trico. Arcos not\u00e1veis. Raz\u00f5es trigonom\u00e9tricas no ciclo trigonom\u00e9trico. Fun\u00e7\u00f5es trigonom\u00e9tricas (seno, cosseno, tangente, cotangente, secante e cossecante) e fun\u00e7\u00f5es trigonom\u00e9tricas inversas. Fun\u00e7\u00f5es exponenciais e fun\u00e7\u00f5es logar\u00edtmicas.<\/p>\n<p style=\"text-align: center;\"><strong>M\u00f3dulo de Integrais<\/strong><\/p>\n<p><strong>Conte\u00fados abordados no Curso (revis\u00e3o da teoria e exerc\u00edcios):<\/strong>Integral definida. Antideriva\u00e7\u00e3o e integral indefinida. Propriedades da integral definida. O Teorema Fundamental do C\u00e1lculo. Integra\u00e7\u00e3o por substitui\u00e7\u00e3o e integra\u00e7\u00e3o por partes. C\u00e1lculo de \u00e1reas. Comprimento de arco. Volumes: m\u00e9todo dos discos, dos an\u00e9is e das cascas cil\u00edndricas. Integra\u00e7\u00e3o trigonom\u00e9trica e integra\u00e7\u00e3o por substitui\u00e7\u00e3o trigonom\u00e9trica.<\/p>\n<p><strong>Metodologia<\/strong>: Os conte\u00fados ser\u00e3o disponibilizados em v\u00eddeo. Os estudantes tem autonomia para assistir as videoaulas nos hor\u00e1rios que se adaptem melhor a sua rotina de estudos, com a possibilidade de pausar, retroceder, assistir novamente, quantas vezes achar necess\u00e1rio. Espa\u00e7os para intera\u00e7\u00e3o virtual com bolsistas e professores do GAMA ser\u00e3o disponibilizados para esclarecimento de d\u00favidas. A frequ\u00eancia ser\u00e1 contabilizada atrav\u00e9s de question\u00e1rios enviados ao longo do curso.<\/p>\n<p><strong>Inscri\u00e7\u00f5es<\/strong>: de 23\/11\/2023 a 30\/11\/2023.<\/p>\n<p>Divulga\u00e7\u00e3o das turmas: 01\/12\/2023.<\/p>\n<p><strong>Per\u00edodo do curso<\/strong>: de 04\/12\/2023 a 22\/12\/2023.<\/p>\n<div>Carga-hor\u00e1ria do curso: 12 horas.<\/div>\n<div>\n<p><strong>N\u00famero de vagas: <\/strong>100 vagas para cada turma &#8211; Existe previs\u00e3o de oferecimento de novas turmas posteriormente.<\/p>\n<p><strong>Inscri\u00e7\u00f5es:<\/strong><\/p>\n<p>Se voc\u00ea \u00e9 estudante da UFPel, fa\u00e7a a sua inscri\u00e7\u00e3o AQUI<\/p>\n<p>Se voc\u00ea n\u00e3o \u00e9 estudante da UFPel, fa\u00e7a a sua inscri\u00e7\u00e3o\u00a0AQUI<\/p>\n<p>&nbsp;<\/p>\n<p>O preenchimento das 100 vagas, em cada turma, se dar\u00e1 da seguinte forma:<\/p>\n<p><strong>50 vagas<\/strong> priorit\u00e1rias para estudantes da UFPel matriculados em cursos que possuem disciplinas de matem\u00e1tica na grade curricular obrigat\u00f3ria, sendo 50% destas vagas priorit\u00e1rias para estudantes bolsistas da PRAE.<\/p>\n<p><strong>10 vagas<\/strong> priorit\u00e1rias para estudantes da UFPel matriculados em cursos que n\u00e3o possuem disciplinas de matem\u00e1tica na grade curricular obrigat\u00f3ria, sendo 50% destas vagas priorit\u00e1rias para estudantes bolsistas da PRAE.<\/p>\n<p><strong>40 vagas<\/strong> priorit\u00e1rias para estudantes e professores da rede p\u00fablica de ensino, n\u00e3o vinculados \u00e0 UFPel.<\/p>\n<p>Havendo mais inscritos que vagas, dentro de algum dos grupos listados acima, a ordem utilizada para o preenchimento das vagas ser\u00e1 a ordem de inscri\u00e7\u00e3o. Havendo menos inscritos do que vagas em algum grupo, as vagas remanescentes ser\u00e3o redistribu\u00eddas proporcionalmente para os outros grupos.<\/p>\n<p><strong>Importante: Estudantes inscritos que n\u00e3o comparecerem \u00e0s aulas e n\u00e3o justificarem poder\u00e3o ter a inscri\u00e7\u00e3o cancelada, em eventuais inscri\u00e7\u00f5es futuras.<\/strong><\/p>\n<\/div>\n","protected":false},"excerpt":{"rendered":"<p>Est\u00e3o abertas as inscri\u00e7\u00f5es para as pr\u00f3ximas turmas das Atividades de Revis\u00e3o em Matem\u00e1tica, oferecidas pelo Projeto GAMA: Grupo de Apoio em Matem\u00e1tica. Ser\u00e3o oferecidas duas turmas no formato on-line, [&hellip;]<\/p>\n","protected":false},"author":437,"featured_media":0,"comment_status":"closed","ping_status":"closed","sticky":false,"template":"","format":"standard","meta":{"jetpack_post_was_ever_published":false,"_jetpack_newsletter_access":"","_jetpack_dont_email_post_to_subs":false,"_jetpack_newsletter_tier_id":0,"_jetpack_memberships_contains_paywalled_content":false,"_jetpack_memberships_contains_paid_content":false,"footnotes":"","jetpack_publicize_message":"","jetpack_publicize_feature_enabled":true,"jetpack_social_post_already_shared":true,"jetpack_social_options":{"image_generator_settings":{"template":"highway","default_image_id":0,"font":"","enabled":false},"version":2}},"categories":[18],"tags":[],"class_list":["post-5479","post","type-post","status-publish","format-standard","hentry","category-inicio-inicio"],"jetpack_publicize_connections":[],"jetpack_featured_media_url":"","jetpack_sharing_enabled":true,"jetpack_shortlink":"https:\/\/wp.me\/p6Slop-1qn","_links":{"self":[{"href":"https:\/\/wp.ufpel.edu.br\/projetogama\/wp-json\/wp\/v2\/posts\/5479","targetHints":{"allow":["GET"]}}],"collection":[{"href":"https:\/\/wp.ufpel.edu.br\/projetogama\/wp-json\/wp\/v2\/posts"}],"about":[{"href":"https:\/\/wp.ufpel.edu.br\/projetogama\/wp-json\/wp\/v2\/types\/post"}],"author":[{"embeddable":true,"href":"https:\/\/wp.ufpel.edu.br\/projetogama\/wp-json\/wp\/v2\/users\/437"}],"replies":[{"embeddable":true,"href":"https:\/\/wp.ufpel.edu.br\/projetogama\/wp-json\/wp\/v2\/comments?post=5479"}],"version-history":[{"count":3,"href":"https:\/\/wp.ufpel.edu.br\/projetogama\/wp-json\/wp\/v2\/posts\/5479\/revisions"}],"predecessor-version":[{"id":5494,"href":"https:\/\/wp.ufpel.edu.br\/projetogama\/wp-json\/wp\/v2\/posts\/5479\/revisions\/5494"}],"wp:attachment":[{"href":"https:\/\/wp.ufpel.edu.br\/projetogama\/wp-json\/wp\/v2\/media?parent=5479"}],"wp:term":[{"taxonomy":"category","embeddable":true,"href":"https:\/\/wp.ufpel.edu.br\/projetogama\/wp-json\/wp\/v2\/categories?post=5479"},{"taxonomy":"post_tag","embeddable":true,"href":"https:\/\/wp.ufpel.edu.br\/projetogama\/wp-json\/wp\/v2\/tags?post=5479"}],"curies":[{"name":"wp","href":"https:\/\/api.w.org\/{rel}","templated":true}]}}