{"id":5418,"date":"2023-09-28T17:45:45","date_gmt":"2023-09-28T20:45:45","guid":{"rendered":"https:\/\/wp.ufpel.edu.br\/projetogama\/?p=5418"},"modified":"2023-10-13T15:49:45","modified_gmt":"2023-10-13T18:49:45","slug":"inscricoes-para-as-turmas-presenciais-de-matematica-basica-manha-e-noite","status":"publish","type":"post","link":"https:\/\/wp.ufpel.edu.br\/projetogama\/2023\/09\/28\/inscricoes-para-as-turmas-presenciais-de-matematica-basica-manha-e-noite\/","title":{"rendered":"Inscri\u00e7\u00f5es para as turmas presenciais de Matem\u00e1tica B\u00e1sica &#8211; manh\u00e3 e noite"},"content":{"rendered":"<p>Ser\u00e3o oferecidas\u00a0 duas turmas do M\u00f3dulo de Matem\u00e1tica B\u00e1sica I, no formato presencial, nos turnos\u00a0 manh\u00e3 e noite. S\u00e3o 6 aulas no total, desenvolvidas na semana anterior ao in\u00edcio do semestre 2023\/02, em campus central da UFPel.<\/p>\n<p style=\"text-align: center;\"><strong>M\u00f3dulo de Matem\u00e1tica B\u00e1sica I<\/strong><\/p>\n<p><strong>Conte\u00fados abordados no Curso (revis\u00e3o da teoria e exerc\u00edcios):<\/strong> Teoria b\u00e1sica dos conjuntos. Conjuntos num\u00e9ricos e intervalos. Opera\u00e7\u00f5es com fra\u00e7\u00f5es. Potencia\u00e7\u00e3o. Radicia\u00e7\u00e3o. Racionaliza\u00e7\u00e3o de denominadores. Fatora\u00e7\u00e3o e produtos not\u00e1veis. Opera\u00e7\u00f5es e simplifica\u00e7\u00e3o de fra\u00e7\u00f5es alg\u00e9bricas. Opera\u00e7\u00f5es com polin\u00f4mios.<\/p>\n<div>\n<p>&nbsp;<\/p>\n<p>Informa\u00e7\u00f5es gerais:<\/p>\n<p>Metodologia: A metodologia utilizada no curso presencial ser\u00e1 a exposi\u00e7\u00e3o de conte\u00fados, seguida da resolu\u00e7\u00e3o de exerc\u00edcios.\u00a0 A frequ\u00eancia ser\u00e1 contabilizada atrav\u00e9s de quatro presen\u00e7as por aula (dia).<\/p>\n<p>Inscri\u00e7\u00f5es: de 28\/09\/2023 a 12\/10\/2023.<\/p>\n<p>Divulga\u00e7\u00e3o das turmas: 13\/10\/2023.<\/p>\n<\/div>\n<div>Per\u00edodo do curso: De 16\/10 a 21\/10. No s\u00e1bado, as duas turmas ser\u00e3o pela manh\u00e3.<\/div>\n<div>\n<p>Hor\u00e1rio: das 9h \u00e0s 12h &#8211; turma da manh\u00e3 e das 19h \u00e0s 22h &#8211; turma da noite.<\/p>\n<p>Carga-hor\u00e1ria do curso: 20 horas.<\/p>\n<p>N\u00famero de vagas para cada turma: 60 &#8211; Existe previs\u00e3o de oferecimento de novas turmas posteriormente.<\/p>\n<\/div>\n<div><strong style=\"text-align: justify; color: var(--cor-texto); font-family: var(--fonte-corpo);\">Inscri\u00e7\u00f5es:<\/strong><\/div>\n<div>\n<p>Se voc\u00ea \u00e9 estudante da UFPel, fa\u00e7a a sua inscri\u00e7\u00e3o\u00a0AQUI<\/p>\n<p>Se voc\u00ea n\u00e3o \u00e9 estudante da UFPel, fa\u00e7a a sua inscri\u00e7\u00e3o\u00a0AQUI<\/p>\n<div style=\"text-align: justify;\">\n<p>Os crit\u00e9rios utilizados para o preenchimento das vagas ser\u00e3o:<\/p>\n<p>25 vagas priorit\u00e1rias para estudantes da UFPel matriculados em cursos que possuem disciplinas de matem\u00e1tica na grade curricular obrigat\u00f3ria, sendo 50% destas vagas priorit\u00e1rias para estudantes bolsistas da PRAE.<\/p>\n<p>15 vagas priorit\u00e1rias para estudantes da UFPel matriculados em cursos que n\u00e3o possuem disciplinas de matem\u00e1tica na grade curricular obrigat\u00f3ria, sendo 50% destas vagas priorit\u00e1rias para estudantes bolsistas da PRAE.<\/p>\n<\/div>\n<div><span style=\"text-align: justify;\">20 vagas priorit\u00e1rias para estudantes e professores da rede p\u00fablica de ensino.<\/span><\/div>\n<div style=\"text-align: justify;\">\n<p>Havendo mais inscritos que vagas, dentro de algum dos grupos listados acima, a ordem utilizada para o preenchimento das vagas ser\u00e1 a ordem de inscri\u00e7\u00e3o. Havendo menos inscritos do que vagas em algum grupo, as vagas remanescentes ser\u00e3o redistribu\u00eddas proporcionalmente para o outro grupo.<\/p>\n<\/div>\n<\/div>\n","protected":false},"excerpt":{"rendered":"<p>Ser\u00e3o oferecidas\u00a0 duas turmas do M\u00f3dulo de Matem\u00e1tica B\u00e1sica I, no formato presencial, nos turnos\u00a0 manh\u00e3 e noite. S\u00e3o 6 aulas no total, desenvolvidas na semana anterior ao in\u00edcio do [&hellip;]<\/p>\n","protected":false},"author":437,"featured_media":0,"comment_status":"closed","ping_status":"closed","sticky":false,"template":"","format":"standard","meta":{"jetpack_post_was_ever_published":false,"_jetpack_newsletter_access":"","_jetpack_dont_email_post_to_subs":false,"_jetpack_newsletter_tier_id":0,"_jetpack_memberships_contains_paywalled_content":false,"_jetpack_memberships_contains_paid_content":false,"footnotes":"","jetpack_publicize_message":"","jetpack_publicize_feature_enabled":true,"jetpack_social_post_already_shared":true,"jetpack_social_options":{"image_generator_settings":{"template":"highway","default_image_id":0,"font":"","enabled":false},"version":2}},"categories":[18],"tags":[],"class_list":["post-5418","post","type-post","status-publish","format-standard","hentry","category-inicio-inicio"],"jetpack_publicize_connections":[],"jetpack_featured_media_url":"","jetpack_sharing_enabled":true,"jetpack_shortlink":"https:\/\/wp.me\/p6Slop-1po","_links":{"self":[{"href":"https:\/\/wp.ufpel.edu.br\/projetogama\/wp-json\/wp\/v2\/posts\/5418","targetHints":{"allow":["GET"]}}],"collection":[{"href":"https:\/\/wp.ufpel.edu.br\/projetogama\/wp-json\/wp\/v2\/posts"}],"about":[{"href":"https:\/\/wp.ufpel.edu.br\/projetogama\/wp-json\/wp\/v2\/types\/post"}],"author":[{"embeddable":true,"href":"https:\/\/wp.ufpel.edu.br\/projetogama\/wp-json\/wp\/v2\/users\/437"}],"replies":[{"embeddable":true,"href":"https:\/\/wp.ufpel.edu.br\/projetogama\/wp-json\/wp\/v2\/comments?post=5418"}],"version-history":[{"count":7,"href":"https:\/\/wp.ufpel.edu.br\/projetogama\/wp-json\/wp\/v2\/posts\/5418\/revisions"}],"predecessor-version":[{"id":5433,"href":"https:\/\/wp.ufpel.edu.br\/projetogama\/wp-json\/wp\/v2\/posts\/5418\/revisions\/5433"}],"wp:attachment":[{"href":"https:\/\/wp.ufpel.edu.br\/projetogama\/wp-json\/wp\/v2\/media?parent=5418"}],"wp:term":[{"taxonomy":"category","embeddable":true,"href":"https:\/\/wp.ufpel.edu.br\/projetogama\/wp-json\/wp\/v2\/categories?post=5418"},{"taxonomy":"post_tag","embeddable":true,"href":"https:\/\/wp.ufpel.edu.br\/projetogama\/wp-json\/wp\/v2\/tags?post=5418"}],"curies":[{"name":"wp","href":"https:\/\/api.w.org\/{rel}","templated":true}]}}